{"id":95841,"date":"2023-02-21T16:51:07","date_gmt":"2023-02-21T14:51:07","guid":{"rendered":"https:\/\/www.giurgiuveanul.ro\/stiri\/?p=95841"},"modified":"2023-02-21T16:55:43","modified_gmt":"2023-02-21T14:55:43","slug":"skytower-lanseaza-mii-de-baloane-de-pe-acoperis-si-de-pe-esplanada","status":"publish","type":"post","link":"https:\/\/www.giurgiuveanul.ro\/stiri\/skytower-lanseaza-mii-de-baloane-de-pe-acoperis-si-de-pe-esplanada\/","title":{"rendered":"SkyTower lanseaz\u0103 mii de baloane de pe acoperi\u0219 \u0219i de pe esplanad\u0103"},"content":{"rendered":"<p style=\"text-align: justify;\"><strong><a href=\"https:\/\/www.giurgiuveanul.ro\/stiri\/wp-content\/uploads\/2023\/02\/SkyLove-Day-24-February-2022-heart-on-the-sky_1-scaled.jpg\"><img loading=\"lazy\" decoding=\"async\" class=\"aligncenter wp-image-95842\" src=\"https:\/\/www.giurgiuveanul.ro\/stiri\/wp-content\/uploads\/2023\/02\/SkyLove-Day-24-February-2022-heart-on-the-sky_1-560x425.jpg\" alt=\"\" width=\"576\" height=\"437\" srcset=\"https:\/\/www.giurgiuveanul.ro\/stiri\/wp-content\/uploads\/2023\/02\/SkyLove-Day-24-February-2022-heart-on-the-sky_1-560x425.jpg 560w, https:\/\/www.giurgiuveanul.ro\/stiri\/wp-content\/uploads\/2023\/02\/SkyLove-Day-24-February-2022-heart-on-the-sky_1-250x190.jpg 250w, https:\/\/www.giurgiuveanul.ro\/stiri\/wp-content\/uploads\/2023\/02\/SkyLove-Day-24-February-2022-heart-on-the-sky_1-768x584.jpg 768w, https:\/\/www.giurgiuveanul.ro\/stiri\/wp-content\/uploads\/2023\/02\/SkyLove-Day-24-February-2022-heart-on-the-sky_1-1536x1167.jpg 1536w, https:\/\/www.giurgiuveanul.ro\/stiri\/wp-content\/uploads\/2023\/02\/SkyLove-Day-24-February-2022-heart-on-the-sky_1-2048x1556.jpg 2048w, https:\/\/www.giurgiuveanul.ro\/stiri\/wp-content\/uploads\/2023\/02\/SkyLove-Day-24-February-2022-heart-on-the-sky_1-400x304.jpg 400w\" sizes=\"auto, (max-width: 576px) 100vw, 576px\" \/><\/a>A treia edi\u021bie a SkyLove Day aduce un omagiu<!--more--> Ucrainei.<\/strong><\/p>\n<p style=\"text-align: justify;\"><strong>SkyTower, cea mai \u00eenalt\u0103 cl\u0103dire de birouri din Rom\u00e2nia, anun\u021b\u0103 cea de-a treia edi\u021bie a evenimentului anual SkyLove Day. <\/strong><\/p>\n<p><strong> <a href=\"https:\/\/www.giurgiuveanul.ro\/stiri\/wp-content\/uploads\/2023\/02\/SkyTower_Bucharest_picture_-Bernd-Steingruber_8-scaled.jpg\"><img loading=\"lazy\" decoding=\"async\" class=\"aligncenter wp-image-95845\" src=\"https:\/\/www.giurgiuveanul.ro\/stiri\/wp-content\/uploads\/2023\/02\/SkyTower_Bucharest_picture_-Bernd-Steingruber_8-560x373.jpg\" alt=\"\" width=\"584\" height=\"389\" srcset=\"https:\/\/www.giurgiuveanul.ro\/stiri\/wp-content\/uploads\/2023\/02\/SkyTower_Bucharest_picture_-Bernd-Steingruber_8-560x373.jpg 560w, https:\/\/www.giurgiuveanul.ro\/stiri\/wp-content\/uploads\/2023\/02\/SkyTower_Bucharest_picture_-Bernd-Steingruber_8-250x167.jpg 250w, https:\/\/www.giurgiuveanul.ro\/stiri\/wp-content\/uploads\/2023\/02\/SkyTower_Bucharest_picture_-Bernd-Steingruber_8-768x512.jpg 768w, https:\/\/www.giurgiuveanul.ro\/stiri\/wp-content\/uploads\/2023\/02\/SkyTower_Bucharest_picture_-Bernd-Steingruber_8-1536x1023.jpg 1536w, https:\/\/www.giurgiuveanul.ro\/stiri\/wp-content\/uploads\/2023\/02\/SkyTower_Bucharest_picture_-Bernd-Steingruber_8-2048x1364.jpg 2048w, https:\/\/www.giurgiuveanul.ro\/stiri\/wp-content\/uploads\/2023\/02\/SkyTower_Bucharest_picture_-Bernd-Steingruber_8-400x266.jpg 400w\" sizes=\"auto, (max-width: 584px) 100vw, 584px\" \/><\/a><\/strong><\/p>\n<p style=\"text-align: justify;\"><strong>Evenimentul, de un puternic impact vizual, va avea loc miercuri 22 februarie, de la orele 13:00 \u0219i este dedicat comunit\u0103\u021bii locale.\u00a0 <\/strong><\/p>\n<p style=\"text-align: justify;\"><strong>SkyLove Day<\/strong> este un eveniment anual unic, marcat prin lansarea a mii de baloane biodegradabile de pe terasa cl\u0103dirii iconice de la 137 de metri \u00een\u0103l\u021bime.<\/p>\n<p style=\"text-align: justify;\">Anul acesta, o parte dintre baloane vor fi lansate de la sol \u0219i vor purta culorile steagului Ucrainei. Astfel, evenimentul se vrea \u0219i un omagiu adus numeroaselor victime ale acestui r\u0103zboi.<\/p>\n<p style=\"text-align: justify;\">Astfel, <strong>miercuri, 22 februarie<\/strong>, <strong>la ora 13.00, mii de baloane ro\u0219ii, \u00een form\u0103 de inim\u0103, albastre \u0219i galbene, purt\u00e2nd mesaje de pace \u0219i iubire, toate\u00a0biodegradabile, vor fi eliberate de la etajul 37 al SkyTower, dar \u0219i de pe esplanada din fa\u021ba turnului. <\/strong><\/p>\n<p style=\"text-align: justify;\">Proiectul <strong>SkyLove Day <\/strong>continu\u0103 promisiunea SkyTower de a deveni o surs\u0103 de inspira\u021bie pentru comunit\u0103\u021bile locale.<\/p>\n<p><a href=\"https:\/\/www.giurgiuveanul.ro\/stiri\/wp-content\/uploads\/2023\/02\/Poza_Ramona-Boca_PR-Manager_SkyTower-Bucharest_1-scaled.jpg\"><img loading=\"lazy\" decoding=\"async\" class=\"aligncenter wp-image-95846\" src=\"https:\/\/www.giurgiuveanul.ro\/stiri\/wp-content\/uploads\/2023\/02\/Poza_Ramona-Boca_PR-Manager_SkyTower-Bucharest_1-560x423.jpg\" alt=\"\" width=\"570\" height=\"430\" srcset=\"https:\/\/www.giurgiuveanul.ro\/stiri\/wp-content\/uploads\/2023\/02\/Poza_Ramona-Boca_PR-Manager_SkyTower-Bucharest_1-560x423.jpg 560w, https:\/\/www.giurgiuveanul.ro\/stiri\/wp-content\/uploads\/2023\/02\/Poza_Ramona-Boca_PR-Manager_SkyTower-Bucharest_1-250x189.jpg 250w, https:\/\/www.giurgiuveanul.ro\/stiri\/wp-content\/uploads\/2023\/02\/Poza_Ramona-Boca_PR-Manager_SkyTower-Bucharest_1-768x580.jpg 768w, https:\/\/www.giurgiuveanul.ro\/stiri\/wp-content\/uploads\/2023\/02\/Poza_Ramona-Boca_PR-Manager_SkyTower-Bucharest_1-1536x1160.jpg 1536w, https:\/\/www.giurgiuveanul.ro\/stiri\/wp-content\/uploads\/2023\/02\/Poza_Ramona-Boca_PR-Manager_SkyTower-Bucharest_1-2048x1547.jpg 2048w, https:\/\/www.giurgiuveanul.ro\/stiri\/wp-content\/uploads\/2023\/02\/Poza_Ramona-Boca_PR-Manager_SkyTower-Bucharest_1-400x302.jpg 400w\" sizes=\"auto, (max-width: 570px) 100vw, 570px\" \/><\/a><\/p>\n<p style=\"text-align: justify;\"><em>\u201cSkyLoveDay\u00a0 reprezint\u0103 s\u0103rb\u0103toarea iubirii la <strong>SkyTower. <\/strong>O celebr\u0103m \u00a0pentru <strong>al 3-lea an consecutiv<\/strong> \u0219i ne dorim o continu\u0103m \u0219i s\u0103 o dezvolt\u0103m an de an. Ne bucur\u0103m s\u0103 putem s\u0103rb\u0103tori \u00eempreun\u0103 cu chiria\u0219ii no\u0219tri, dar \u0219i cu publicul larg. Evident c\u0103 r\u0103zboiul \u00eempotriva Ucrainei ne \u00eentristeaz\u0103 pe to\u021bi, dramele oamenilor fiind extrem de greu imaginat \u0219i de trecut cu vederea. De aceea, \u021binem s\u0103 aducem un omagiu ucrainenilor \u0219i s\u0103 reiter\u0103m un mesaj de pace \u0219i iubire \u00een cadrul SkyLove Day\u201d, <\/em>a declarat <strong>Ramona Boca<\/strong>, <strong>PR &amp; Marketing Coordinator<\/strong> <strong>RPHI Rom\u00e2nia, proprietarul cl\u0103dirii SkyTower.<\/strong><\/p>\n<p style=\"text-align: justify;\">Evenimentul <strong>SkyLove Day<\/strong> vine la scurt timp dup\u0103 ce SkyTower a intrat \u00een compania select\u0103 a turnurilor emblematice ale lumii, al\u0103turi de construc\u021bii precum Turnul Eiffel sau cl\u0103diri precum Burj Khalifa.<\/p>\n<p style=\"text-align: justify;\">SkyTower este cea mai \u00eenalt\u0103 cl\u0103dire din Rom\u00e2nia \u0219i cea mai iconic\u0103 cl\u0103dire de birouri din Bucure\u0219ti. Turnul are 37 de etaje, ajung\u00e2nd la o \u00een\u0103l\u021bime de 137 de metri deasupra solului \u0219i 60 de metri de structur\u0103 subteran\u0103 cu 5 etaje de locuri de parcare \u0219i depozitare. Toate zonele de birouri din SkyTower sunt iluminate natural, iar etajele superioare beneficiaz\u0103 de ascensoare de mare vitez\u0103, care ating o vitez\u0103 maxim\u0103 de 6 metri pe secund\u0103. SkyTower este prima \u0219i singura cl\u0103dire din Rom\u00e2nia certificat\u0103 p\u00e2n\u0103 \u00een prezent LEED Platinum pentru opera\u021biuni \u0219i mentenan\u021ba cl\u0103dirii.<\/p>\n<p style=\"text-align: justify;\">De la finalizarea construc\u021biei \u00een decembrie 2012, SkyTower a devenit un punct de reper al ora\u0219ului, remodel\u00e2nd orizontul noului cartier de afaceri din nordul Bucure\u0219tiului \u0219i stimul\u00e2nd dezvoltarea de noi proiecte \u00een zona Floreasca-Aurel Vlaicu.<\/p>\n<p style=\"text-align: justify;\">Din februarie 2023, SkyTower a devenit membru al Federa\u021biei Mondiale a Turnurilor Emblematice (<strong>World Federation of Great Towers \u2013 W.F.G.T.<\/strong>) \u00een urma unui complex proces de selec\u021bie \u0219i evaluare. Asocierea este onorant\u0103 \u0219i ofer\u0103 noi oportunit\u0103\u021bi de promovare \u0219i dezvoltare, SkyTower consolid\u00e2ndu-\u0219i astfel pozi\u021bia de cl\u0103dire iconic\u0103 a Rom\u00e2niei.<\/p>\n","protected":false},"excerpt":{"rendered":"<p>A treia edi\u021bie a SkyLove Day aduce un omagiu<\/p>\n","protected":false},"author":1,"featured_media":0,"comment_status":"open","ping_status":"open","sticky":false,"template":"","format":"standard","meta":{"footnotes":""},"categories":[6],"tags":[],"class_list":["post-95841","post","type-post","status-publish","format-standard","hentry","category-breaking-news"],"_links":{"self":[{"href":"https:\/\/www.giurgiuveanul.ro\/stiri\/wp-json\/wp\/v2\/posts\/95841","targetHints":{"allow":["GET"]}}],"collection":[{"href":"https:\/\/www.giurgiuveanul.ro\/stiri\/wp-json\/wp\/v2\/posts"}],"about":[{"href":"https:\/\/www.giurgiuveanul.ro\/stiri\/wp-json\/wp\/v2\/types\/post"}],"author":[{"embeddable":true,"href":"https:\/\/www.giurgiuveanul.ro\/stiri\/wp-json\/wp\/v2\/users\/1"}],"replies":[{"embeddable":true,"href":"https:\/\/www.giurgiuveanul.ro\/stiri\/wp-json\/wp\/v2\/comments?post=95841"}],"version-history":[{"count":0,"href":"https:\/\/www.giurgiuveanul.ro\/stiri\/wp-json\/wp\/v2\/posts\/95841\/revisions"}],"wp:attachment":[{"href":"https:\/\/www.giurgiuveanul.ro\/stiri\/wp-json\/wp\/v2\/media?parent=95841"}],"wp:term":[{"taxonomy":"category","embeddable":true,"href":"https:\/\/www.giurgiuveanul.ro\/stiri\/wp-json\/wp\/v2\/categories?post=95841"},{"taxonomy":"post_tag","embeddable":true,"href":"https:\/\/www.giurgiuveanul.ro\/stiri\/wp-json\/wp\/v2\/tags?post=95841"}],"curies":[{"name":"wp","href":"https:\/\/api.w.org\/{rel}","templated":true}]}}