{"id":95851,"date":"2023-02-22T09:33:31","date_gmt":"2023-02-22T07:33:31","guid":{"rendered":"https:\/\/www.giurgiuveanul.ro\/stiri\/?p=95851"},"modified":"2023-02-22T09:33:45","modified_gmt":"2023-02-22T07:33:45","slug":"pompierii-giurgiuveni-interventie-la-un-accident-rutier-in-localitatea-draghinesti-foto","status":"publish","type":"post","link":"https:\/\/www.giurgiuveanul.ro\/stiri\/pompierii-giurgiuveni-interventie-la-un-accident-rutier-in-localitatea-draghinesti-foto\/","title":{"rendered":"Pompierii giurgiuveni, interven\u0163ie la un accident rutier \u00een localitatea Dr\u0103ghine\u0219ti (FOTO)"},"content":{"rendered":"<p style=\"text-align: justify;\"><strong><a href=\"https:\/\/www.giurgiuveanul.ro\/stiri\/wp-content\/uploads\/2023\/02\/WhatsApp-Image-2023-02-21-at-15.17.59.jpeg\"><img loading=\"lazy\" decoding=\"async\" class=\"aligncenter wp-image-95852\" src=\"https:\/\/www.giurgiuveanul.ro\/stiri\/wp-content\/uploads\/2023\/02\/WhatsApp-Image-2023-02-21-at-15.17.59-508x450.jpeg\" alt=\"\" width=\"578\" height=\"512\" srcset=\"https:\/\/www.giurgiuveanul.ro\/stiri\/wp-content\/uploads\/2023\/02\/WhatsApp-Image-2023-02-21-at-15.17.59-508x450.jpeg 508w, https:\/\/www.giurgiuveanul.ro\/stiri\/wp-content\/uploads\/2023\/02\/WhatsApp-Image-2023-02-21-at-15.17.59-250x221.jpeg 250w, https:\/\/www.giurgiuveanul.ro\/stiri\/wp-content\/uploads\/2023\/02\/WhatsApp-Image-2023-02-21-at-15.17.59-768x680.jpeg 768w, https:\/\/www.giurgiuveanul.ro\/stiri\/wp-content\/uploads\/2023\/02\/WhatsApp-Image-2023-02-21-at-15.17.59-1536x1359.jpeg 1536w, https:\/\/www.giurgiuveanul.ro\/stiri\/wp-content\/uploads\/2023\/02\/WhatsApp-Image-2023-02-21-at-15.17.59-400x354.jpeg 400w, https:\/\/www.giurgiuveanul.ro\/stiri\/wp-content\/uploads\/2023\/02\/WhatsApp-Image-2023-02-21-at-15.17.59.jpeg 1600w\" sizes=\"auto, (max-width: 578px) 100vw, 578px\" \/><\/a>Dou\u0103 autoturisme<!--more--> au fost implicate \u00eentr-un accident rutier, produs ieri, pe \u0219oseaua principal\u0103 din localitatea Dr\u0103ghine\u0219ti, jude\u021bul Teleorman. La fa\u021ba locului s-au deplasat pompierii din cadrul G\u0103rzii de Interven\u021bie Roata de Jos, cu o autospecial\u0103 de stingere, dotat\u0103 cu modul de descarcerare,<\/strong> informeaz\u0103 ISU Giurgiu.<\/p>\n<p style=\"text-align: justify;\">\u00cen cele dou\u0103 autoturisme se aflau doar \u0219oferii. Unul dintre ace\u0219tia acuza dureri la membrul superior st\u00e2ng, vertij \u0219i cefalee, iar pompierii, care au ajuns primii la locul evenimentului, i-au acordat acestuia primul ajutor.<\/p>\n<p style=\"text-align: justify;\">Ulterior, b\u0103rbatul a fost preluat de SAJ Videle \u00een vederea transport\u0103rii la spital.<\/p>\n<p style=\"text-align: justify;\">Pompierii au asigurat m\u0103surile de prevenire a incendiilor prin deconectarea bornelor de la bateriile autoturismelor.<\/p>\n<p style=\"text-align: justify;\">Cazul a r\u0103mas \u00een aten\u021bia Poli\u021biei pentru cercet\u0103ri.<\/p>\n","protected":false},"excerpt":{"rendered":"<p>Dou\u0103 autoturisme<\/p>\n","protected":false},"author":1,"featured_media":0,"comment_status":"open","ping_status":"open","sticky":false,"template":"","format":"standard","meta":{"footnotes":""},"categories":[6],"tags":[],"class_list":["post-95851","post","type-post","status-publish","format-standard","hentry","category-breaking-news"],"_links":{"self":[{"href":"https:\/\/www.giurgiuveanul.ro\/stiri\/wp-json\/wp\/v2\/posts\/95851","targetHints":{"allow":["GET"]}}],"collection":[{"href":"https:\/\/www.giurgiuveanul.ro\/stiri\/wp-json\/wp\/v2\/posts"}],"about":[{"href":"https:\/\/www.giurgiuveanul.ro\/stiri\/wp-json\/wp\/v2\/types\/post"}],"author":[{"embeddable":true,"href":"https:\/\/www.giurgiuveanul.ro\/stiri\/wp-json\/wp\/v2\/users\/1"}],"replies":[{"embeddable":true,"href":"https:\/\/www.giurgiuveanul.ro\/stiri\/wp-json\/wp\/v2\/comments?post=95851"}],"version-history":[{"count":0,"href":"https:\/\/www.giurgiuveanul.ro\/stiri\/wp-json\/wp\/v2\/posts\/95851\/revisions"}],"wp:attachment":[{"href":"https:\/\/www.giurgiuveanul.ro\/stiri\/wp-json\/wp\/v2\/media?parent=95851"}],"wp:term":[{"taxonomy":"category","embeddable":true,"href":"https:\/\/www.giurgiuveanul.ro\/stiri\/wp-json\/wp\/v2\/categories?post=95851"},{"taxonomy":"post_tag","embeddable":true,"href":"https:\/\/www.giurgiuveanul.ro\/stiri\/wp-json\/wp\/v2\/tags?post=95851"}],"curies":[{"name":"wp","href":"https:\/\/api.w.org\/{rel}","templated":true}]}}