{"id":95855,"date":"2023-02-23T09:15:33","date_gmt":"2023-02-23T07:15:33","guid":{"rendered":"https:\/\/www.giurgiuveanul.ro\/stiri\/?p=95855"},"modified":"2023-02-23T09:24:38","modified_gmt":"2023-02-23T07:24:38","slug":"europarlamentar-dan-motreanu-liderul-liberalilor-giurgiuveni-ma-bucur-ca-a-fost-aprobata-construirea-unei-noii-sectii-de-oncologie-in-judetul-giurgiu","status":"publish","type":"post","link":"https:\/\/www.giurgiuveanul.ro\/stiri\/europarlamentar-dan-motreanu-liderul-liberalilor-giurgiuveni-ma-bucur-ca-a-fost-aprobata-construirea-unei-noii-sectii-de-oncologie-in-judetul-giurgiu\/","title":{"rendered":"Europarlamentar Dan Motreanu, liderul liberalilor giurgiuveni: \u201eM\u0103 bucur c\u0103 a fost aprobat\u0103 construirea unei noi sec\u021bii de oncologie \u00een jude\u021bul Giurgiu\u201d"},"content":{"rendered":"<p style=\"text-align: justify;\"><a href=\"https:\/\/www.giurgiuveanul.ro\/stiri\/wp-content\/uploads\/2023\/02\/WhatsApp-Image-2023-02-22-at-20.12.39.jpeg\"><img loading=\"lazy\" decoding=\"async\" class=\"aligncenter wp-image-95856\" src=\"https:\/\/www.giurgiuveanul.ro\/stiri\/wp-content\/uploads\/2023\/02\/WhatsApp-Image-2023-02-22-at-20.12.39-560x412.jpeg\" alt=\"\" width=\"572\" height=\"421\" srcset=\"https:\/\/www.giurgiuveanul.ro\/stiri\/wp-content\/uploads\/2023\/02\/WhatsApp-Image-2023-02-22-at-20.12.39-560x412.jpeg 560w, https:\/\/www.giurgiuveanul.ro\/stiri\/wp-content\/uploads\/2023\/02\/WhatsApp-Image-2023-02-22-at-20.12.39-250x184.jpeg 250w, https:\/\/www.giurgiuveanul.ro\/stiri\/wp-content\/uploads\/2023\/02\/WhatsApp-Image-2023-02-22-at-20.12.39-768x565.jpeg 768w, https:\/\/www.giurgiuveanul.ro\/stiri\/wp-content\/uploads\/2023\/02\/WhatsApp-Image-2023-02-22-at-20.12.39-400x294.jpeg 400w, https:\/\/www.giurgiuveanul.ro\/stiri\/wp-content\/uploads\/2023\/02\/WhatsApp-Image-2023-02-22-at-20.12.39.jpeg 1440w\" sizes=\"auto, (max-width: 572px) 100vw, 572px\" \/><\/a>M\u0103 bucur c\u0103<!--more--> ast\u0103zi (N.R. ieri) a fost aprobat\u0103 construirea unei noi sec\u021bii de oncologie \u00een jude\u021bul Giurgiu, un proiect pentru care m-am luptat ani de zile \u0219i m-am confruntat cu opozi\u021bia PSD. Proiectul este esen\u021bial pentru bolnavii de cancer din jude\u021bul Giurgiu. <a href=\"https:\/\/www.giurgiuveanul.ro\/stiri\/wp-content\/uploads\/2023\/02\/WhatsApp-Image-2023-02-22-at-20.12.39-1.jpeg\"><img loading=\"lazy\" decoding=\"async\" class=\"aligncenter wp-image-95857\" src=\"https:\/\/www.giurgiuveanul.ro\/stiri\/wp-content\/uploads\/2023\/02\/WhatsApp-Image-2023-02-22-at-20.12.39-1-560x445.jpeg\" alt=\"\" width=\"576\" height=\"458\" srcset=\"https:\/\/www.giurgiuveanul.ro\/stiri\/wp-content\/uploads\/2023\/02\/WhatsApp-Image-2023-02-22-at-20.12.39-1-560x445.jpeg 560w, https:\/\/www.giurgiuveanul.ro\/stiri\/wp-content\/uploads\/2023\/02\/WhatsApp-Image-2023-02-22-at-20.12.39-1-250x199.jpeg 250w, https:\/\/www.giurgiuveanul.ro\/stiri\/wp-content\/uploads\/2023\/02\/WhatsApp-Image-2023-02-22-at-20.12.39-1-768x611.jpeg 768w, https:\/\/www.giurgiuveanul.ro\/stiri\/wp-content\/uploads\/2023\/02\/WhatsApp-Image-2023-02-22-at-20.12.39-1-400x318.jpeg 400w, https:\/\/www.giurgiuveanul.ro\/stiri\/wp-content\/uploads\/2023\/02\/WhatsApp-Image-2023-02-22-at-20.12.39-1.jpeg 1073w\" sizes=\"auto, (max-width: 576px) 100vw, 576px\" \/><\/a>Reu\u0219ita a fost posibil\u0103 datorit\u0103 echipei liberale care conduce jude\u021bul Giurgiu.<\/p>\n<p>&nbsp;<\/p>\n<p style=\"text-align: justify;\">\u00cenc\u0103 din 2019, la ini\u021biativa mea, consilierii jude\u021beni ai PNL Giurgiu\u00a0 au propus construirea unui centru oncologic dotat corespunz\u0103tor \u0219i achizi\u021bionarea unui aparat de radioterapie. Situa\u021bia din jude\u021b era \u0219i este\u00a0 una dramatic\u0103,\u00a0 mii de bolnavi de cancer din jude\u021b fiind nevoi\u021bi s\u0103 se deplaseze la Bucure\u0219ti\u00a0 pentru a putea beneficia de\u00a0 asemenea terapii.<\/p>\n<p style=\"text-align: justify;\">Din p\u0103cate, reprezentan\u021bii PSD care conduceau jude\u021bul la aceea vreme au refuzat s\u0103 asigure sursele de finan\u021bare pentru acest amendament. Marian Mina era \u00een acel moment pre\u0219edintele CJ Giurgiu.<\/p>\n<p style=\"text-align: justify;\">Am f\u0103cut din acest demers un proiect de suflet al meu. Oamenii care se lupt\u0103 cu aceast\u0103 boal\u0103 necru\u021b\u0103toare au \u0219i a\u0219a o via\u021b\u0103 cumplit\u0103. Nu trebuie s\u0103 le fie limitat accesul la tratament, din cauza locului \u00een care tr\u0103iesc! Este inuman s\u0103 fie pu\u0219i pe drumuri zeci de kilometri pentru a beneficia de tratament.<\/p>\n<p style=\"text-align: justify;\">Odat\u0103 ce PNL a c\u00e2\u0219tigat alegerile locale, am fost al\u0103turi de colegii mei din administra\u021bia local\u0103, pentru a ob\u021bine finan\u021barea acestui proiect din fonduri europene. Un astfel de demers presupune mult\u0103 munc\u0103, dar \u0219i s\u0103 pui suflet, s\u0103 vezi c\u0103 dincolo de proiecte sunt oameni. \u00cen acest caz, oameni pentru care orice am\u00e2nare are un efect devastator.<\/p>\n<p style=\"text-align: justify;\">Proiectul depus de CJ Giurgiu a ob\u021binut locul cinci la nivel na\u021bional \u00een ceea ce prive\u0219te punctajul, din 49 de proiecte care vizau finan\u021barea prin PNRR. \u00cei felicit pe colegii implica\u021bi pentru profesionalismul de care au dat dovad\u0103. Nu e o chestiune de orgoliu. Un loc c\u00e2t mai sus \u00eensemna evitarea emo\u021biilor de a pierde finan\u021barea, \u00een cazul depunerii unor contesta\u021bii. Se finan\u021beaz\u0103 27 de proiecte din 49.<\/p>\n<p style=\"text-align: justify;\">Trebuie s\u0103 facem tot ceea ce este omene\u0219te posibil s\u0103 cre\u0219tem \u0219ansele pacien\u021bilor care sufer\u0103 de cancer de a c\u00e2\u0219tiga b\u0103t\u0103lia pentru via\u021b\u0103.<\/p>\n<p style=\"text-align: justify;\">\u00cen calitate de europarlamentar, am cerut Comisiei Europene s\u0103 abordeze inegalit\u0103\u021bile dintre statele membre \u00een ceea ce prive\u0219te accesul la asisten\u021b\u0103 medical\u0103 pentru bolnavii de cancer. Dar nu trebuie s\u0103 a\u0219tept\u0103m ca mereu al\u021bii s\u0103 ne ofere solu\u021biile, trebuie s\u0103 folosim oportunit\u0103\u021bile care apar.<\/p>\n<p style=\"text-align: center;\"><strong>Dan Motreanu,\u00a0<\/strong><\/p>\n<p style=\"text-align: center;\"><em>Europarlamentar, pre\u0219edintele PNL Giurgiu<\/em><\/p>\n","protected":false},"excerpt":{"rendered":"<p>M\u0103 bucur c\u0103<\/p>\n","protected":false},"author":1,"featured_media":0,"comment_status":"open","ping_status":"open","sticky":false,"template":"","format":"standard","meta":{"footnotes":""},"categories":[6],"tags":[],"class_list":["post-95855","post","type-post","status-publish","format-standard","hentry","category-breaking-news"],"_links":{"self":[{"href":"https:\/\/www.giurgiuveanul.ro\/stiri\/wp-json\/wp\/v2\/posts\/95855","targetHints":{"allow":["GET"]}}],"collection":[{"href":"https:\/\/www.giurgiuveanul.ro\/stiri\/wp-json\/wp\/v2\/posts"}],"about":[{"href":"https:\/\/www.giurgiuveanul.ro\/stiri\/wp-json\/wp\/v2\/types\/post"}],"author":[{"embeddable":true,"href":"https:\/\/www.giurgiuveanul.ro\/stiri\/wp-json\/wp\/v2\/users\/1"}],"replies":[{"embeddable":true,"href":"https:\/\/www.giurgiuveanul.ro\/stiri\/wp-json\/wp\/v2\/comments?post=95855"}],"version-history":[{"count":0,"href":"https:\/\/www.giurgiuveanul.ro\/stiri\/wp-json\/wp\/v2\/posts\/95855\/revisions"}],"wp:attachment":[{"href":"https:\/\/www.giurgiuveanul.ro\/stiri\/wp-json\/wp\/v2\/media?parent=95855"}],"wp:term":[{"taxonomy":"category","embeddable":true,"href":"https:\/\/www.giurgiuveanul.ro\/stiri\/wp-json\/wp\/v2\/categories?post=95855"},{"taxonomy":"post_tag","embeddable":true,"href":"https:\/\/www.giurgiuveanul.ro\/stiri\/wp-json\/wp\/v2\/tags?post=95855"}],"curies":[{"name":"wp","href":"https:\/\/api.w.org\/{rel}","templated":true}]}}