{"id":95864,"date":"2023-02-23T15:49:11","date_gmt":"2023-02-23T13:49:11","guid":{"rendered":"https:\/\/www.giurgiuveanul.ro\/stiri\/?p=95864"},"modified":"2023-02-23T15:49:23","modified_gmt":"2023-02-23T13:49:23","slug":"ipj-giurgiu-persoana-disparuta-ati-vazut-o","status":"publish","type":"post","link":"https:\/\/www.giurgiuveanul.ro\/stiri\/ipj-giurgiu-persoana-disparuta-ati-vazut-o\/","title":{"rendered":"IPJ Giurgiu. Persoan\u0103 disp\u0103rut\u0103. A\u021bi v\u0103zut-o?"},"content":{"rendered":"<p style=\"text-align: justify;\"><strong><a href=\"https:\/\/www.giurgiuveanul.ro\/stiri\/wp-content\/uploads\/2023\/02\/persoana-disparuta.jpg\"><img loading=\"lazy\" decoding=\"async\" class=\"aligncenter wp-image-95865\" src=\"https:\/\/www.giurgiuveanul.ro\/stiri\/wp-content\/uploads\/2023\/02\/persoana-disparuta-386x450.jpg\" alt=\"\" width=\"575\" height=\"671\" srcset=\"https:\/\/www.giurgiuveanul.ro\/stiri\/wp-content\/uploads\/2023\/02\/persoana-disparuta-386x450.jpg 386w, https:\/\/www.giurgiuveanul.ro\/stiri\/wp-content\/uploads\/2023\/02\/persoana-disparuta-250x292.jpg 250w, https:\/\/www.giurgiuveanul.ro\/stiri\/wp-content\/uploads\/2023\/02\/persoana-disparuta-400x466.jpg 400w, https:\/\/www.giurgiuveanul.ro\/stiri\/wp-content\/uploads\/2023\/02\/persoana-disparuta.jpg 759w\" sizes=\"auto, (max-width: 575px) 100vw, 575px\" \/><\/a>Poli\u021bi\u0219tii din cadrul I.P.J. Giurgiu<!--more--> efectueaz\u0103 verific\u0103ri \u00een vederea depist\u0103rii unei femei, de 35 de ani, disp\u0103rut\u0103 din localitatea Dobreni, comuna V\u0103r\u0103\u0219ti, jude\u021bul Giurgiu.<\/strong><\/p>\n<p style=\"text-align: justify;\">La data de 20 februarie a.c., ora 19.36, poli\u021bi\u0219tii din cadrul Sec\u021biei de Poli\u021bie Rural\u0103 nr. 2 Coamana a fost sesizat\u0103 prin apel 112, de c\u0103tre un b\u0103rbat, cu privire la faptul c\u0103,\u00a0<strong>\u0218ERBAN FLORICA, <\/strong>concubina acestuia\u00a0ar fi plecat de la domiciliul s\u0103u, din localitatea Dobreni, comuna V\u0103r\u0103\u0219ti, jude\u021bul Giurgiu \u0219i nu a mai revenit.<\/p>\n<p style=\"text-align: justify;\"><strong>Semnalmente:<\/strong> \u00een\u0103l\u021bime 1.60 metri, aproximativ 80 de kilograme, constitu\u021bie robust\u0103, p\u0103r \u0219aten, ochi c\u0103prui, nu prezint\u0103 semne particulare.<\/p>\n<p style=\"text-align: justify;\"><strong>\u00cembr\u0103c\u0103minte:<\/strong> geac\u0103 de culoare ro\u0219u, pataloni de culoare negru \u0219i ghete de culoare alb\u0103.<\/p>\n<p style=\"text-align: justify;\"><strong>Oricine poate oferi detalii cu privire la persoana disp\u0103rut\u0103 este rugat s\u0103 apeleze Serviciul de Urgen\u021b\u0103 112 sau s\u0103 contacteze cea mai apropiat\u0103 unitate de poli\u021bie.<\/strong><\/p>\n","protected":false},"excerpt":{"rendered":"<p>Poli\u021bi\u0219tii din cadrul I.P.J. Giurgiu<\/p>\n","protected":false},"author":1,"featured_media":0,"comment_status":"open","ping_status":"open","sticky":false,"template":"","format":"standard","meta":{"footnotes":""},"categories":[6],"tags":[],"class_list":["post-95864","post","type-post","status-publish","format-standard","hentry","category-breaking-news"],"_links":{"self":[{"href":"https:\/\/www.giurgiuveanul.ro\/stiri\/wp-json\/wp\/v2\/posts\/95864","targetHints":{"allow":["GET"]}}],"collection":[{"href":"https:\/\/www.giurgiuveanul.ro\/stiri\/wp-json\/wp\/v2\/posts"}],"about":[{"href":"https:\/\/www.giurgiuveanul.ro\/stiri\/wp-json\/wp\/v2\/types\/post"}],"author":[{"embeddable":true,"href":"https:\/\/www.giurgiuveanul.ro\/stiri\/wp-json\/wp\/v2\/users\/1"}],"replies":[{"embeddable":true,"href":"https:\/\/www.giurgiuveanul.ro\/stiri\/wp-json\/wp\/v2\/comments?post=95864"}],"version-history":[{"count":0,"href":"https:\/\/www.giurgiuveanul.ro\/stiri\/wp-json\/wp\/v2\/posts\/95864\/revisions"}],"wp:attachment":[{"href":"https:\/\/www.giurgiuveanul.ro\/stiri\/wp-json\/wp\/v2\/media?parent=95864"}],"wp:term":[{"taxonomy":"category","embeddable":true,"href":"https:\/\/www.giurgiuveanul.ro\/stiri\/wp-json\/wp\/v2\/categories?post=95864"},{"taxonomy":"post_tag","embeddable":true,"href":"https:\/\/www.giurgiuveanul.ro\/stiri\/wp-json\/wp\/v2\/tags?post=95864"}],"curies":[{"name":"wp","href":"https:\/\/api.w.org\/{rel}","templated":true}]}}