{"id":95868,"date":"2023-02-23T17:04:52","date_gmt":"2023-02-23T15:04:52","guid":{"rendered":"https:\/\/www.giurgiuveanul.ro\/stiri\/?p=95868"},"modified":"2023-02-23T17:04:52","modified_gmt":"2023-02-23T15:04:52","slug":"ajofm-giurgiu-situatia-statistica-a-somajului-inregistrat-la-31-ianuarie-2023","status":"publish","type":"post","link":"https:\/\/www.giurgiuveanul.ro\/stiri\/ajofm-giurgiu-situatia-statistica-a-somajului-inregistrat-la-31-ianuarie-2023\/","title":{"rendered":"AJOFM GIURGIU. Situa\u0163ia statistic\u0103 a \u015fomajului \u00eenregistrat la 31 ianuarie 2023"},"content":{"rendered":"<p style=\"text-align: justify;\"><a href=\"https:\/\/www.giurgiuveanul.ro\/stiri\/wp-content\/uploads\/2023\/02\/AJOFM-300x198-1.jpg\"><img loading=\"lazy\" decoding=\"async\" class=\"aligncenter  wp-image-95869\" src=\"https:\/\/www.giurgiuveanul.ro\/stiri\/wp-content\/uploads\/2023\/02\/AJOFM-300x198-1-560x370.jpg\" alt=\"\" width=\"584\" height=\"386\" srcset=\"https:\/\/www.giurgiuveanul.ro\/stiri\/wp-content\/uploads\/2023\/02\/AJOFM-300x198-1-560x370.jpg 560w, https:\/\/www.giurgiuveanul.ro\/stiri\/wp-content\/uploads\/2023\/02\/AJOFM-300x198-1-250x165.jpg 250w, https:\/\/www.giurgiuveanul.ro\/stiri\/wp-content\/uploads\/2023\/02\/AJOFM-300x198-1-400x264.jpg 400w, https:\/\/www.giurgiuveanul.ro\/stiri\/wp-content\/uploads\/2023\/02\/AJOFM-300x198-1.jpg 700w\" sizes=\"auto, (max-width: 584px) 100vw, 584px\" \/><\/a>Num\u0103rul total al persoanelor \u00eenregistrate \u00een eviden\u0163a AJOFM Giurgiu la data de 31.01.2023 a fost de<!--more--> <strong>2147 persoane<\/strong> \u00een cautarea unui loc de munca, dintre care <strong>1178\u00a0 au fost femei<\/strong>.<\/p>\n<p style=\"text-align: justify;\">\u00a0Valoarea ratei \u015fomajului la nivelul jude\u0163ului Giurgiu la finele <strong>lunii ianuarie 2023 a fost de 2.66%,<\/strong> \u00eenregistr\u00e2nd o u\u0219oar\u0103 sc\u0103dere fa\u021b\u0103 de cea existent\u0103 la finele lunii anterioare de 2,73%.<\/p>\n<p style=\"text-align: justify;\">Referitor la \u015fomajul \u00eenregistrat pe sexe, \u00een luna ianuarie 2023 , num\u0103rul \u015fomerilor femei la sf\u00e2r\u0219itul lunii a fost de 1178 persoane, rata \u0219omajului feminin fiind de 2.69%, iar cea a \u0219omajului masculin \u00eenregistrand o valoare de 0.79%.<\/p>\n<p style=\"text-align: justify;\">Din totalul persoanelor aflate \u00een eviden\u0163a agen\u0163iei \u015fi anume 2147,<strong> 291 persoane (188 femei) beneficiaz\u0103 de indemniza\u0163ie de \u015fomaj (<\/strong>cf. Legii76\/2002 privind sistemul asigur\u0103rilor pentru \u015fomaj \u015fi stimularea ocup\u0103rii for\u0163ei de munc\u0103, cu modific\u0103rile \u015fi complet\u0103rile ulterioare<strong>)<\/strong>, <strong>1856<\/strong> <strong>persoane<\/strong> (990 femei) sunt\u00a0 persoane aflate \u00een c\u0103utarea unui loc de munc\u0103.<\/p>\n<p style=\"text-align: justify;\">In ceea ce prive\u015fte distribu\u0163ia teritorial\u0103, \u00een luna ianuarie 2023, din num\u0103rul total de 2147 \u015fomeri \u00eenregistra\u0163i, 448 persoane (294 femei) persoane provin din mediul urban, reprezent\u00e2nd 20.86%, 1699(884 femei) persoane provin din mediul rural, ceea ce a reprezentat 79.14 %.<\/p>\n<p style=\"text-align: justify;\">\n<p style=\"text-align: justify;\"><strong>Distribu\u0163ia \u015fomerilor pe forme de \u00eenv\u0103\u0163\u0103m\u00e2nt\u00a0\u00a0\u00a0\u00a0 \u00a0\u00a0\u00a0\u00a0\u00a0\u00a0\u00a0\u00a0 \u00a02147<\/strong><\/p>\n<p style=\"text-align: justify;\">cu niv. instruire Primar \u0219i f\u0103r\u0103 studii\u00a0\u00a0\u00a0\u00a0\u00a0\u00a0\u00a0\u00a0\u00a0\u00a0\u00a0\u00a0\u00a0\u00a0\u00a0\u00a0\u00a0\u00a0 \u00a0\u00a0 547<\/p>\n<p style=\"text-align: justify;\">cu niv. instruire gimnazial \u00a0\u00a0\u00a0\u00a0\u00a0\u00a0\u00a0\u00a0\u00a0\u00a0\u00a0\u00a0\u00a0\u00a0\u00a0\u00a0\u00a0\u00a0\u00a0\u00a0\u00a0\u00a0\u00a0\u00a0\u00a0\u00a0\u00a0\u00a0\u00a0\u00a0\u00a0\u00a0 \u00a0\u00a0\u00a0926<\/p>\n<p style=\"text-align: justify;\">cu niv. instruire profesional\u00a0\u00a0\u00a0\u00a0\u00a0\u00a0\u00a0 \u00a0\u00a0\u00a0\u00a0\u00a0\u00a0\u00a0\u00a0\u00a0\u00a0\u00a0\u00a0\u00a0\u00a0\u00a0\u00a0\u00a0\u00a0\u00a0\u00a0\u00a0\u00a0\u00a0 \u00a0\u00a0\u00a0134<\/p>\n<p style=\"text-align: justify;\">cu niv. instruire Liceal\u00a0\u00a0\u00a0\u00a0\u00a0\u00a0\u00a0\u00a0\u00a0\u00a0\u00a0\u00a0\u00a0\u00a0\u00a0\u00a0\u00a0\u00a0\u00a0\u00a0 \u00a0\u00a0\u00a0\u00a0\u00a0\u00a0\u00a0\u00a0\u00a0\u00a0\u00a0\u00a0\u00a0\u00a0\u00a0\u00a0\u00a0\u00a0\u00a0\u00a0\u00a0 492<\/p>\n<p style=\"text-align: justify;\">cu niv. instruire post-liceal\u00a0\u00a0\u00a0 \u00a0\u00a0\u00a0\u00a0\u00a0\u00a0\u00a0\u00a0\u00a0 \u00a0\u00a0\u00a0\u00a0\u00a0\u00a0\u00a0\u00a0\u00a0\u00a0\u00a0\u00a0\u00a0\u00a0\u00a0\u00a0\u00a0\u00a0\u00a0\u00a0\u00a0\u00a0\u00a0\u00a013<\/p>\n<p style=\"text-align: justify;\">cu niv. instruire Universitar\u00a0\u00a0\u00a0\u00a0\u00a0\u00a0\u00a0\u00a0\u00a0\u00a0\u00a0\u00a0\u00a0\u00a0\u00a0\u00a0\u00a0\u00a0\u00a0\u00a0\u00a0\u00a0\u00a0\u00a0\u00a0\u00a0\u00a0\u00a0\u00a0\u00a0\u00a0\u00a0\u00a0\u00a0\u00a0\u00a0 \u00a0\u00a035.<\/p>\n<p style=\"text-align: justify;\"><strong>Repartizarea \u015fomerilor \u00een func\u0163ie de grupa de v\u00e2rst\u0103:<\/strong><\/p>\n<ul style=\"text-align: justify;\">\n<li>sub 25 de ani \u00a0\u00a0\u00a0\u00a0\u00a0\u00a0\u00a0\u00a0 433<\/li>\n<li>\u00eentre 25 \u015fi 30 ani \u00a0\u00a0\u00a0\u00a0\u00a0\u00a0\u00a0\u00a0 228<\/li>\n<li>\u00eentre 30 \u015fi 40 ani 246<\/li>\n<li>\u00eentre 40 \u015fi 50 ani 474<\/li>\n<li>\u00eentre 50 \u015fi 55 ani \u00a0\u00a0\u00a0\u00a0\u00a0\u00a0\u00a0\u00a0 442<\/li>\n<li>peste 55 ani<\/li>\n<\/ul>\n<p style=\"text-align: justify;\">Ca urmare a implement\u0103rii Programului judetean de Ocupare pentru anul 2023, \u00een luna ianuarie 2023\u00a0 s-a realizat \u00eencadrarea unui num\u0103r de 231 persoane, din care 115 femei. Facem precizarea c\u0103 pentru a putea fi ocupat\u0103, o persoan\u0103 particip\u0103 la mai multe m\u0103suri active, aplic\u00e2ndu-i-se un pachet personalizat \u00een func\u0163ie de nivelul profesional, aptitudinilor \u015fi capacit\u0103\u0163ilor sale de a se ocupa \u00een munc\u0103.<\/p>\n<p style=\"text-align: justify;\">\n<p style=\"text-align: center;\"><em><strong>BIROUL DE PRES\u0102 AL AJOFM GIURGIU<\/strong><\/em><\/p>\n","protected":false},"excerpt":{"rendered":"<p>Num\u0103rul total al persoanelor \u00eenregistrate \u00een eviden\u0163a AJOFM Giurgiu la data de 31.01.2023 a fost de<\/p>\n","protected":false},"author":1,"featured_media":0,"comment_status":"open","ping_status":"open","sticky":false,"template":"","format":"standard","meta":{"footnotes":""},"categories":[6],"tags":[],"class_list":["post-95868","post","type-post","status-publish","format-standard","hentry","category-breaking-news"],"_links":{"self":[{"href":"https:\/\/www.giurgiuveanul.ro\/stiri\/wp-json\/wp\/v2\/posts\/95868","targetHints":{"allow":["GET"]}}],"collection":[{"href":"https:\/\/www.giurgiuveanul.ro\/stiri\/wp-json\/wp\/v2\/posts"}],"about":[{"href":"https:\/\/www.giurgiuveanul.ro\/stiri\/wp-json\/wp\/v2\/types\/post"}],"author":[{"embeddable":true,"href":"https:\/\/www.giurgiuveanul.ro\/stiri\/wp-json\/wp\/v2\/users\/1"}],"replies":[{"embeddable":true,"href":"https:\/\/www.giurgiuveanul.ro\/stiri\/wp-json\/wp\/v2\/comments?post=95868"}],"version-history":[{"count":0,"href":"https:\/\/www.giurgiuveanul.ro\/stiri\/wp-json\/wp\/v2\/posts\/95868\/revisions"}],"wp:attachment":[{"href":"https:\/\/www.giurgiuveanul.ro\/stiri\/wp-json\/wp\/v2\/media?parent=95868"}],"wp:term":[{"taxonomy":"category","embeddable":true,"href":"https:\/\/www.giurgiuveanul.ro\/stiri\/wp-json\/wp\/v2\/categories?post=95868"},{"taxonomy":"post_tag","embeddable":true,"href":"https:\/\/www.giurgiuveanul.ro\/stiri\/wp-json\/wp\/v2\/tags?post=95868"}],"curies":[{"name":"wp","href":"https:\/\/api.w.org\/{rel}","templated":true}]}}