{"id":95886,"date":"2023-02-24T09:58:47","date_gmt":"2023-02-24T07:58:47","guid":{"rendered":"https:\/\/www.giurgiuveanul.ro\/stiri\/?p=95886"},"modified":"2023-02-24T10:01:13","modified_gmt":"2023-02-24T08:01:13","slug":"comunicat-de-presa-cetateni-activi-giurgiu-fara-implicare-nu-avem-schimbare","status":"publish","type":"post","link":"https:\/\/www.giurgiuveanul.ro\/stiri\/comunicat-de-presa-cetateni-activi-giurgiu-fara-implicare-nu-avem-schimbare\/","title":{"rendered":"Comunicat de pres\u0103, \u201cCet\u0103\u021beni activi Giurgiu\u201d: \u201cF\u0103r\u0103 implicare nu avem schimbare\u201d"},"content":{"rendered":"<p style=\"text-align: justify;\"><strong><a href=\"https:\/\/www.giurgiuveanul.ro\/stiri\/wp-content\/uploads\/2023\/02\/comunicat.jpg\"><img loading=\"lazy\" decoding=\"async\" class=\"aligncenter wp-image-95887\" src=\"https:\/\/www.giurgiuveanul.ro\/stiri\/wp-content\/uploads\/2023\/02\/comunicat-554x450.jpg\" alt=\"\" width=\"578\" height=\"470\" srcset=\"https:\/\/www.giurgiuveanul.ro\/stiri\/wp-content\/uploads\/2023\/02\/comunicat-554x450.jpg 554w, https:\/\/www.giurgiuveanul.ro\/stiri\/wp-content\/uploads\/2023\/02\/comunicat-250x203.jpg 250w, https:\/\/www.giurgiuveanul.ro\/stiri\/wp-content\/uploads\/2023\/02\/comunicat-768x624.jpg 768w, https:\/\/www.giurgiuveanul.ro\/stiri\/wp-content\/uploads\/2023\/02\/comunicat-400x325.jpg 400w, https:\/\/www.giurgiuveanul.ro\/stiri\/wp-content\/uploads\/2023\/02\/comunicat.jpg 1000w\" sizes=\"auto, (max-width: 578px) 100vw, 578px\" \/><\/a>Recent,<!--more--> la<\/strong> <strong><u><a href=\"https:\/\/web.facebook.com\/profile.php?id=100083228086054\">Clubul Magia Copil\u0103riei<\/a><\/u>, Bulevardul Bucure\u0219ti, nr. 199 Giurgiu, a avut loc \u00eentalnirea grupului local de <u><a href=\"https:\/\/www.facebook.com\/groups\/538031201123428\/\">Cet\u0103\u021beni Activi Giurgiu<\/a><\/u>.<\/strong><strong>Vineri,<\/strong><\/p>\n<p style=\"text-align: justify;\">Evenimentul a fost organizat la nivel local de c\u0103tre un grup de ini\u021biativ\u0103 cet\u0103\u021beneasc\u0103 \u0219i face parte din cadrul <strong>proiectul \u201dCET\u0102\u021aENI ACTIVI PENTRU SERVICII PUBLICE DE CALITATE LA NIVEL LOCAL<\/strong>\u201e, derulat de Societatea Academic\u0103 din Rom\u00e2nia (<u><a href=\"https:\/\/sar.org.ro\/\">https:\/\/sar.org.ro)\/<\/a><\/u>.<\/p>\n<p><a href=\"https:\/\/www.giurgiuveanul.ro\/stiri\/wp-content\/uploads\/2023\/02\/ghid-poza.jpg\"><img loading=\"lazy\" decoding=\"async\" class=\"aligncenter wp-image-95890\" src=\"https:\/\/www.giurgiuveanul.ro\/stiri\/wp-content\/uploads\/2023\/02\/ghid-poza-560x333.jpg\" alt=\"\" width=\"597\" height=\"355\" srcset=\"https:\/\/www.giurgiuveanul.ro\/stiri\/wp-content\/uploads\/2023\/02\/ghid-poza-560x333.jpg 560w, https:\/\/www.giurgiuveanul.ro\/stiri\/wp-content\/uploads\/2023\/02\/ghid-poza-250x149.jpg 250w, https:\/\/www.giurgiuveanul.ro\/stiri\/wp-content\/uploads\/2023\/02\/ghid-poza-768x457.jpg 768w, https:\/\/www.giurgiuveanul.ro\/stiri\/wp-content\/uploads\/2023\/02\/ghid-poza-400x238.jpg 400w, https:\/\/www.giurgiuveanul.ro\/stiri\/wp-content\/uploads\/2023\/02\/ghid-poza.jpg 1519w\" sizes=\"auto, (max-width: 597px) 100vw, 597px\" \/><\/a><\/p>\n<p style=\"text-align: justify;\">Cu aceast\u0103 ocazie, membrii constitui\u021bi prin trainingul care a avut loc la Bucure\u0219ti v\u0103 invit\u0103 s\u0103 v\u0103 al\u0103tura\u021bi ini\u021biativei proiectului pentru a contribui \u00een mod direct la <strong>\u00eembun\u0103t\u0103\u021birea calit\u0103\u021bii vie\u021bii urbane \u0219i determinarea autorit\u0103\u021bilor locale s\u0103 asigure servicii publice de calitate<\/strong>.<\/p>\n<p style=\"text-align: justify;\">\u00cen acest sens, a fost publicat un raport de diagnoz\u0103 \u0219i <u><a href=\"http:\/\/www.romaniacurata.ro\/servicii-publice-locale\/wp-content\/uploads\/2021\/10\/Ghid-pentru-responsabilitte-si-implicare-civica-2021-WEB_compressed_compressed.pdf\">Ghidul pentru responsabilitate \u0219i implicare civic\u0103<\/a><\/u> &#8211; structurat pe capitole dedicate celor trei domenilor de interes ale proiectului, respectiv <strong>transport public<\/strong>, <strong>educa\u021bie<\/strong> \u0219i <strong>gestionarea de\u0219eurilor.<\/strong><\/p>\n<p style=\"text-align: justify;\"><strong>\u00a0<\/strong><\/p>\n<p style=\"text-align: justify;\"><strong><em>Studiul, realizat \u00een premier\u0103 \u00een Rom\u00e2nia, ofer\u0103 o viziune asupra serviciilor publice oferite <\/em><\/strong><strong><em>cet\u0103\u021benilor, dar \u0219i recomand\u0103ri specific pentru \u00eembun\u0103t\u0103\u021birea calit\u0103\u021bii acestora. Realizat \u00een <\/em><\/strong><strong><em>perioada septembrie 2021 \u2013 mai 2022, studiul a vizat 47 de UAT-uri (municipii re\u0219edin\u021b\u0103 de <\/em><\/strong><strong><em>jude\u021b \u0219i prim\u0103riile de sector din Bucure\u0219ti).<\/em><\/strong><\/p>\n<p style=\"text-align: justify;\"><strong><em>\u00a0<\/em><\/strong><\/p>\n<p style=\"text-align: justify;\">Prin aceast\u0103 analiz\u0103, interven\u021bia grupului \u00een comunitatea din Giurgiu vizeaz\u0103 anumi\u021bi indicatori cantitativi \u0219i calitativi, ca de exemplu <strong><em>\u00eendeplinirea \u021bintelor de reciclare la nivel de municipalitate<\/em><\/strong>.<\/p>\n<p style=\"text-align: justify;\"><strong>\u00a0<\/strong><\/p>\n<p style=\"text-align: justify;\"><strong><em>Dezvoltarea infrastructurii urbane, investi\u021biile prioritare \u00een unit\u0103\u021bile de \u00eenv\u0103\u021b\u0103m\u00e2nt, modernizarea infrastructurii rutiere sau a mijloacelor de transport \u00een comun, \u0219i, nu \u00een ultimul r\u00e2nd, gestionarea sistemului de management al de\u0219eurilor ar trebui s\u0103 reprezinte priorit\u0103\u021bi ale unei administra\u021bii publice locale performante.<\/em><\/strong><\/p>\n<p style=\"text-align: justify;\"><strong><em>\u00a0<\/em><\/strong><\/p>\n<p style=\"text-align: justify;\">Din raportul de diagnoz\u0103 <strong>punctajul total pentru cele 3 domenii de interes al localit\u0103\u021bii Giurgiu a fost de patruzeci (40) de puncte din 100<\/strong>.<\/p>\n<p style=\"text-align: justify;\">De exemplu, la capitolul <strong>transport public, <\/strong>prin metodologia specific\u0103 a indicatorilor din analiz\u0103, Giurgiu este situat pe antepenultimul loc, cu 36 de puncte, \u00eenainte de C\u0103l\u0103ra\u0219i \u0219i Alexandria.<\/p>\n<p style=\"text-align: justify;\">Totodat\u0103, cu privire la <strong>gestionarea de\u0219eurilor <\/strong>dou\u0103 dintre recomand\u0103rile proiectului vizeaz\u0103 <em>implementarea instrumentului economic <strong>\u201cpl\u0103te\u0219te pentru c\u00e2t arunci\u201d<\/strong> la nivelul municipiului\u00a0 <\/em>\u0219i <em>organizarea colect\u0103rii \u0219i asigurarea infrastructurii pentru sortarea la surs\u0103 a de\u0219eurilor, pe 5 tipuri de de\u0219euri: <strong>h\u00e2rtie\/ carton, plastic\/metal, sticl\u0103, biode\u0219euri, \u0219i menajer<\/strong>.<\/em><\/p>\n<p style=\"text-align: justify;\">Av\u00e2nd \u00een vedere c\u0103 grupul de <strong><u><a href=\"https:\/\/www.facebook.com\/groups\/538031201123428\/\">Cet\u0103\u021beni Activi Giurgiu<\/a><\/u><\/strong> a realizat un mic sondaj printre cet\u0103\u021beni, primele investiga\u021bii care au avut loc \u00een teren au ar\u0103tat c\u0103 locuitorii nu colecteaz\u0103 de\u0219eurile nici m\u0103car pe 2 frac\u021bii, respectiv una umed\u0103 \u0219i una uscat\u0103.<\/p>\n<p><a href=\"https:\/\/www.giurgiuveanul.ro\/stiri\/wp-content\/uploads\/2023\/02\/voluntar-giurgiu.png\"><img loading=\"lazy\" decoding=\"async\" class=\"aligncenter wp-image-95892\" src=\"https:\/\/www.giurgiuveanul.ro\/stiri\/wp-content\/uploads\/2023\/02\/voluntar-giurgiu-450x450.png\" alt=\"\" width=\"583\" height=\"583\" srcset=\"https:\/\/www.giurgiuveanul.ro\/stiri\/wp-content\/uploads\/2023\/02\/voluntar-giurgiu-450x450.png 450w, https:\/\/www.giurgiuveanul.ro\/stiri\/wp-content\/uploads\/2023\/02\/voluntar-giurgiu-250x250.png 250w, https:\/\/www.giurgiuveanul.ro\/stiri\/wp-content\/uploads\/2023\/02\/voluntar-giurgiu-768x768.png 768w, https:\/\/www.giurgiuveanul.ro\/stiri\/wp-content\/uploads\/2023\/02\/voluntar-giurgiu-200x200.png 200w, https:\/\/www.giurgiuveanul.ro\/stiri\/wp-content\/uploads\/2023\/02\/voluntar-giurgiu-400x400.png 400w, https:\/\/www.giurgiuveanul.ro\/stiri\/wp-content\/uploads\/2023\/02\/voluntar-giurgiu.png 1080w\" sizes=\"auto, (max-width: 583px) 100vw, 583px\" \/><\/a><\/p>\n<p style=\"text-align: justify;\">Acest aspect este important pentru fiecare cet\u0103\u021bean al ora\u0219ului pentru c\u0103 <strong>sanc\u021biunile Comisiei Europene sunt suportate din bugetele locale<\/strong>. Spre exemplu, Comisia European\u0103 a reclamat faptul c\u0103 Rom\u00e2nia nu a finalizat procesul de \u00eenchidere al gropilor de gunoi \u0219i urm\u0103resc sanc\u021biuni la capitolul natura, apa \u0219i calitatea aerului.<\/p>\n<p style=\"text-align: justify;\">\u00cen acest sens, pentru a putea oferi locuitorilor din zonele urbane o calitate a vie\u021bii apropiat\u0103 de nivelul Uniunii Europene, problemele generate de transporturi, educa\u021bie \u0219i gestionarea de\u0219eurilor trebuie evaluate, analizate \u0219i clarificate, utiliz\u00e2nd mecanismele oportune \u0219i specifice regiunii din care provin.<\/p>\n<p style=\"text-align: justify;\">Pentru aceast\u0103 ini\u021biativ\u0103, grupul de <strong><u><a href=\"https:\/\/www.facebook.com\/groups\/538031201123428\/\">Cet\u0103\u021beni Activi Giurgiu<\/a><\/u><\/strong> v\u0103 invit\u0103 la training pentru a afla care sunt instrumentele prin care orice cet\u0103\u021bean poate s\u0103 sesizeze autorit\u0103\u021bilor publice cu rol de monitorizare \u0219i control, care este legisla\u021bia actual\u0103 \u00een vigoare \u0219i actele normative sau cum este organizat serviciul public la nivel na\u021bional.<\/p>\n<p style=\"text-align: justify;\">Proiectul se desf\u0103\u0219oar\u0103 p\u00e2n\u0103 \u00een septembrie 2023 \u0219i \u00ee\u0219i propune continuitatea prin \u00eenfiin\u021barea unei asocia\u021bii de cet\u0103\u021beni activi civic \u00een Giurgiu. Echipa \u00ee\u0219i propune \u00een perioada urmatoare s\u0103 desf\u0103\u0219oare activit\u0103\u021bi \u0219i ac\u021biuni de advocacy.<\/p>\n<p style=\"text-align: justify;\">_____________________________________________________________________________<\/p>\n<p style=\"text-align: justify;\">Proiectul <strong><em>Cet\u0103\u021beni activi pentru servicii publice de calitate la nivel local<\/em><\/strong> este derulat de Societatea Academic\u0103 din Rom\u00e2nia, \u00een parteneriat cu Act For Tomorrow \u0219i Vellenes Fellesorganisasjon \u0219i beneficiaz\u0103 de sprijinul financiar Active Citizens Fund Rom\u00e2nia, finan\u021bat de Islanda, Liechtenstein \u0219i Norvegia prin Granturile SEE \u0219i Norvegiene 2014 \u2013 2021.<\/p>\n<p style=\"text-align: justify;\"><strong><em>Scopul principal al proiectului \u00eel reprezint\u0103 cre\u0219terea capacit\u0103\u021bii de mobilizare \u0219i implicare civic\u0103, \u00een special \u00een r\u00e2ndul tinerilor, prin dezvoltarea unui set de metode \u0219i instrumente de monitorizare \u0219i advocacy \u00een vederea \u00eembun\u0103t\u0103\u021birii calit\u0103\u021bii serviciilor \u00een cele trei domenii mai sus men\u021bionate.<\/em><\/strong><\/p>\n<p style=\"text-align: justify;\">Implicarea duce la schimbare!<\/p>\n<p style=\"text-align: justify;\">V\u0103 a\u0219tept\u0103m pe grupul de \u00eent\u00e2lnire pe Facebook: <strong><u><a href=\"https:\/\/www.facebook.com\/groups\/538031201123428\/\">Cet\u0103\u021beni Activi Giurgiu<\/a><\/u><\/strong><\/p>\n<p style=\"text-align: justify;\">Echipa de <strong>Cet\u0103\u021beni Activi Giurgiu<\/strong><\/p>\n<p style=\"text-align: justify;\"><strong>0720.192661<\/strong><\/p>\n","protected":false},"excerpt":{"rendered":"<p>Recent,<\/p>\n","protected":false},"author":1,"featured_media":0,"comment_status":"open","ping_status":"open","sticky":false,"template":"","format":"standard","meta":{"footnotes":""},"categories":[6],"tags":[],"class_list":["post-95886","post","type-post","status-publish","format-standard","hentry","category-breaking-news"],"_links":{"self":[{"href":"https:\/\/www.giurgiuveanul.ro\/stiri\/wp-json\/wp\/v2\/posts\/95886","targetHints":{"allow":["GET"]}}],"collection":[{"href":"https:\/\/www.giurgiuveanul.ro\/stiri\/wp-json\/wp\/v2\/posts"}],"about":[{"href":"https:\/\/www.giurgiuveanul.ro\/stiri\/wp-json\/wp\/v2\/types\/post"}],"author":[{"embeddable":true,"href":"https:\/\/www.giurgiuveanul.ro\/stiri\/wp-json\/wp\/v2\/users\/1"}],"replies":[{"embeddable":true,"href":"https:\/\/www.giurgiuveanul.ro\/stiri\/wp-json\/wp\/v2\/comments?post=95886"}],"version-history":[{"count":0,"href":"https:\/\/www.giurgiuveanul.ro\/stiri\/wp-json\/wp\/v2\/posts\/95886\/revisions"}],"wp:attachment":[{"href":"https:\/\/www.giurgiuveanul.ro\/stiri\/wp-json\/wp\/v2\/media?parent=95886"}],"wp:term":[{"taxonomy":"category","embeddable":true,"href":"https:\/\/www.giurgiuveanul.ro\/stiri\/wp-json\/wp\/v2\/categories?post=95886"},{"taxonomy":"post_tag","embeddable":true,"href":"https:\/\/www.giurgiuveanul.ro\/stiri\/wp-json\/wp\/v2\/tags?post=95886"}],"curies":[{"name":"wp","href":"https:\/\/api.w.org\/{rel}","templated":true}]}}