{"id":95904,"date":"2023-02-25T11:57:45","date_gmt":"2023-02-25T09:57:45","guid":{"rendered":"https:\/\/www.giurgiuveanul.ro\/stiri\/?p=95904"},"modified":"2023-02-25T12:05:38","modified_gmt":"2023-02-25T10:05:38","slug":"ipj-giurgiu-barbat-gasit-mort-intr-un-lac","status":"publish","type":"post","link":"https:\/\/www.giurgiuveanul.ro\/stiri\/ipj-giurgiu-barbat-gasit-mort-intr-un-lac\/","title":{"rendered":"IPJ Giurgiu. B\u0103rbat g\u0103sit mort \u00eentr-un lac"},"content":{"rendered":"<p style=\"text-align: justify;\"><strong><a href=\"https:\/\/www.giurgiuveanul.ro\/stiri\/wp-content\/uploads\/2023\/02\/Criminalisti-mana-inmanusata.jpg\"><img loading=\"lazy\" decoding=\"async\" class=\"aligncenter wp-image-95905\" src=\"https:\/\/www.giurgiuveanul.ro\/stiri\/wp-content\/uploads\/2023\/02\/Criminalisti-mana-inmanusata-560x420.jpg\" alt=\"\" width=\"573\" height=\"430\" srcset=\"https:\/\/www.giurgiuveanul.ro\/stiri\/wp-content\/uploads\/2023\/02\/Criminalisti-mana-inmanusata-560x420.jpg 560w, https:\/\/www.giurgiuveanul.ro\/stiri\/wp-content\/uploads\/2023\/02\/Criminalisti-mana-inmanusata-250x188.jpg 250w, https:\/\/www.giurgiuveanul.ro\/stiri\/wp-content\/uploads\/2023\/02\/Criminalisti-mana-inmanusata-400x300.jpg 400w, https:\/\/www.giurgiuveanul.ro\/stiri\/wp-content\/uploads\/2023\/02\/Criminalisti-mana-inmanusata.jpg 750w\" sizes=\"auto, (max-width: 573px) 100vw, 573px\" \/><\/a>Poli\u021bi\u0219tii din cadrul<!--more--> Sec\u021biei nr. 1 Poli\u021bie Rural\u0103 C\u0103lug\u0103reni au fost sesiza\u021bi, la data de 24 februarie a.c., ora 11.13, prin apel 112, de c\u0103tre un b\u0103rbat, cu privire la faptul c\u0103, \u00eentr-un lac, din extravilanul localit\u0103\u021bii Mihai Bravu, se afl\u0103 o persoan\u0103 decedat\u0103.<\/strong><\/p>\n<p style=\"text-align: justify;\">\u00cen baza sesiz\u0103rii, la fa\u021ba locului s-au deplasat poli\u021bi\u0219tii, iar din primele cercet\u0103ri au stabilit faptul c\u0103 este vorba despre <strong>un b\u0103rbat, de aproximativ 55-60 de ani<\/strong>.<\/p>\n<p style=\"text-align: justify;\">Cu ocazia examin\u0103rii cadavrului, acesta <strong>nu prezenta urme de violen\u021b\u0103<\/strong>.<\/p>\n<p style=\"text-align: justify;\">\u00cen cauz\u0103, <strong>poli\u021bi\u0219tii efectueaz\u0103 cercet\u0103ri pentru stabilirea identit\u0103\u021bii b\u0103rbatului, dar \u0219i a tuturor \u00eemprejur\u0103rilor \u00een care a survenit decesul<\/strong>.<\/p>\n","protected":false},"excerpt":{"rendered":"<p>Poli\u021bi\u0219tii din cadrul<\/p>\n","protected":false},"author":1,"featured_media":0,"comment_status":"open","ping_status":"open","sticky":false,"template":"","format":"standard","meta":{"footnotes":""},"categories":[6],"tags":[],"class_list":["post-95904","post","type-post","status-publish","format-standard","hentry","category-breaking-news"],"_links":{"self":[{"href":"https:\/\/www.giurgiuveanul.ro\/stiri\/wp-json\/wp\/v2\/posts\/95904","targetHints":{"allow":["GET"]}}],"collection":[{"href":"https:\/\/www.giurgiuveanul.ro\/stiri\/wp-json\/wp\/v2\/posts"}],"about":[{"href":"https:\/\/www.giurgiuveanul.ro\/stiri\/wp-json\/wp\/v2\/types\/post"}],"author":[{"embeddable":true,"href":"https:\/\/www.giurgiuveanul.ro\/stiri\/wp-json\/wp\/v2\/users\/1"}],"replies":[{"embeddable":true,"href":"https:\/\/www.giurgiuveanul.ro\/stiri\/wp-json\/wp\/v2\/comments?post=95904"}],"version-history":[{"count":0,"href":"https:\/\/www.giurgiuveanul.ro\/stiri\/wp-json\/wp\/v2\/posts\/95904\/revisions"}],"wp:attachment":[{"href":"https:\/\/www.giurgiuveanul.ro\/stiri\/wp-json\/wp\/v2\/media?parent=95904"}],"wp:term":[{"taxonomy":"category","embeddable":true,"href":"https:\/\/www.giurgiuveanul.ro\/stiri\/wp-json\/wp\/v2\/categories?post=95904"},{"taxonomy":"post_tag","embeddable":true,"href":"https:\/\/www.giurgiuveanul.ro\/stiri\/wp-json\/wp\/v2\/tags?post=95904"}],"curies":[{"name":"wp","href":"https:\/\/api.w.org\/{rel}","templated":true}]}}