{"id":95960,"date":"2023-02-27T17:20:32","date_gmt":"2023-02-27T15:20:32","guid":{"rendered":"https:\/\/www.giurgiuveanul.ro\/stiri\/?p=95960"},"modified":"2023-02-27T17:21:26","modified_gmt":"2023-02-27T15:21:26","slug":"cap-tractor-si-un-autoturism-cautate-de-autoritatile-din-bulgaria-si-germania-descoperite-in-p-t-f-giurgiu","status":"publish","type":"post","link":"https:\/\/www.giurgiuveanul.ro\/stiri\/cap-tractor-si-un-autoturism-cautate-de-autoritatile-din-bulgaria-si-germania-descoperite-in-p-t-f-giurgiu\/","title":{"rendered":"Cap tractor \u015fi un autoturism c\u0103utate de autorit\u0103\u021bile din Bulgaria \u015fi Germania, descoperite \u00een P.T.F. Giurgiu"},"content":{"rendered":"<p style=\"text-align: justify;\"><strong><a href=\"https:\/\/www.giurgiuveanul.ro\/stiri\/wp-content\/uploads\/2023\/02\/WhatsApp-Image-2023-02-27-at-14.36.08-1.jpeg\"><img loading=\"lazy\" decoding=\"async\" class=\"aligncenter wp-image-95961\" src=\"https:\/\/www.giurgiuveanul.ro\/stiri\/wp-content\/uploads\/2023\/02\/WhatsApp-Image-2023-02-27-at-14.36.08-1-560x336.jpeg\" alt=\"\" width=\"576\" height=\"346\" srcset=\"https:\/\/www.giurgiuveanul.ro\/stiri\/wp-content\/uploads\/2023\/02\/WhatsApp-Image-2023-02-27-at-14.36.08-1-560x336.jpeg 560w, https:\/\/www.giurgiuveanul.ro\/stiri\/wp-content\/uploads\/2023\/02\/WhatsApp-Image-2023-02-27-at-14.36.08-1-250x150.jpeg 250w, https:\/\/www.giurgiuveanul.ro\/stiri\/wp-content\/uploads\/2023\/02\/WhatsApp-Image-2023-02-27-at-14.36.08-1-768x461.jpeg 768w, https:\/\/www.giurgiuveanul.ro\/stiri\/wp-content\/uploads\/2023\/02\/WhatsApp-Image-2023-02-27-at-14.36.08-1-400x240.jpeg 400w, https:\/\/www.giurgiuveanul.ro\/stiri\/wp-content\/uploads\/2023\/02\/WhatsApp-Image-2023-02-27-at-14.36.08-1.jpeg 1200w\" sizes=\"auto, (max-width: 576px) 100vw, 576px\" \/><\/a>Poli\u0163i\u015ftii de frontier\u0103 din cadrul Punctului de Trecere a Frontierei Giurgiu<!--more--> au descoperit \u0219i indisponibilizat, p\u00e2n\u0103 la finalizarea cercet\u0103rilor, un autoturism aflat \u00een aten\u021bia autorit\u0103\u0163ilor din Germania, precum \u015fi \u00a0un cap tractor aflat \u00een aten\u021bia autorit\u0103\u0163ilor din Bulgaria.\u00a0<\/strong><\/p>\n<p><a href=\"https:\/\/www.giurgiuveanul.ro\/stiri\/wp-content\/uploads\/2023\/02\/WhatsApp-Image-2023-02-27-at-14.36.08.jpeg\"><img loading=\"lazy\" decoding=\"async\" class=\"aligncenter  wp-image-95965\" src=\"https:\/\/www.giurgiuveanul.ro\/stiri\/wp-content\/uploads\/2023\/02\/WhatsApp-Image-2023-02-27-at-14.36.08-560x336.jpeg\" alt=\"\" width=\"575\" height=\"345\" srcset=\"https:\/\/www.giurgiuveanul.ro\/stiri\/wp-content\/uploads\/2023\/02\/WhatsApp-Image-2023-02-27-at-14.36.08-560x336.jpeg 560w, https:\/\/www.giurgiuveanul.ro\/stiri\/wp-content\/uploads\/2023\/02\/WhatsApp-Image-2023-02-27-at-14.36.08-250x150.jpeg 250w, https:\/\/www.giurgiuveanul.ro\/stiri\/wp-content\/uploads\/2023\/02\/WhatsApp-Image-2023-02-27-at-14.36.08-768x461.jpeg 768w, https:\/\/www.giurgiuveanul.ro\/stiri\/wp-content\/uploads\/2023\/02\/WhatsApp-Image-2023-02-27-at-14.36.08-400x240.jpeg 400w, https:\/\/www.giurgiuveanul.ro\/stiri\/wp-content\/uploads\/2023\/02\/WhatsApp-Image-2023-02-27-at-14.36.08.jpeg 1200w\" sizes=\"auto, (max-width: 575px) 100vw, 575px\" \/><\/a><\/p>\n<p style=\"text-align: justify;\">La data de 25.02.2023, \u00een jurul orei 20.30, \u00een Punctul de Trecere a Frontierei Giurgiu, s-a prezentat pentru efectuarea formalit\u0103\u0163ilor de control, un cet\u0103\u0163ean bulgar, \u00een v\u00e2rst\u0103 de 49 de ani, care conducea un autoturism, marca BMW, model X3.<\/p>\n<p style=\"text-align: justify;\">\u00a0 Cu ocazia efectu\u0103rii verific\u0103rilor, poli\u021bi\u0219tii de frontier\u0103 giurgiuveni au constatat c\u0103 autoturismul figura \u00een bazele de date ca \u00a0fiind c\u0103utat pentru confiscare, alerta fiind emis\u0103 de c\u0103tre autorit\u0103\u021bile din Germania.<\/p>\n<p style=\"text-align: justify;\">Proprietarul autoturismului a declarat poli\u0163i\u015ftilor de frontier\u0103 c\u0103 nu avea cuno\u015ftin\u0163\u0103 despre faptul c\u0103 autoturismul este implicat \u00een vreun litigiu.<\/p>\n<p style=\"text-align: justify;\">Autovehiculul sus-men\u021bionat, estimat la o valoare de 65.000 lei, a fost indisponibilizat p\u00e2n\u0103 la finalizarea cercet\u0103rilor.<\/p>\n<p style=\"text-align: justify;\"><em>\u00a0<\/em>Un caz similar s-a \u00eenregistrat \u00a0la data de 24.02.2023, \u00a0tot \u00een Punctul de Trecere a Frontierei Giurgiu, c\u00e2nd s-a prezentat pentru efectuarea formalit\u0103\u0163ilor de control, un cet\u0103\u0163ean bulgar, \u00een v\u00e2rst\u0103 de 35 de ani, care conducea \u00a0un ansamblu rutier, format din cap tractor marca \u201dRENAULT\u201d \u0219i semiremorc\u0103.<\/p>\n<p style=\"text-align: justify;\">\u00a0Cu ocazia efectu\u0103rii verific\u0103rilor, poli\u021bi\u0219tii de frontier\u0103 giurgiuveni au constatat c\u0103 din componen\u0163a \u00a0ansamblului rutier, \u00een spe\u0163\u0103 \u00a0capul tractor figura ca bun c\u0103utat pentru confiscare, alert\u0103 emis\u0103 de c\u0103tre autorit\u0103\u021bile din Bulgaria.<\/p>\n<p style=\"text-align: justify;\">Cet\u0103\u021beanul bulgar a declarat poli\u0163i\u015ftilor de frontier\u0103 nu avea cuno\u015ftin\u0163\u0103 despre faptul c\u0103 mijlocul de transport se afl\u0103 \u00een aten\u0163ia autorit\u0103\u0163ilor.<\/p>\n<p style=\"text-align: justify;\">Bunul sus-men\u021bionat, estimat la o valoare de 350.000 lei, a fost indisponibilizat p\u00e2n\u0103 la finalizarea cercet\u0103rilor.<\/p>\n<p style=\"text-align: justify;\">\u00cen ambele\u00a0 cazuri se deruleaz\u0103 cercet\u0103ri pentru s\u0103v\u00e2r\u0219irea infrac\u0163iunii de \u201et\u0103inuire\u201d\u00a0, fapt\u0103 prev\u0103zut\u0103 \u0219i pedepsit\u0103 de art. 270 alin. 1 din Codul Penal.<\/p>\n","protected":false},"excerpt":{"rendered":"<p>Poli\u0163i\u015ftii de frontier\u0103 din cadrul Punctului de Trecere a Frontierei Giurgiu<\/p>\n","protected":false},"author":1,"featured_media":0,"comment_status":"open","ping_status":"open","sticky":false,"template":"","format":"standard","meta":{"footnotes":""},"categories":[6],"tags":[],"class_list":["post-95960","post","type-post","status-publish","format-standard","hentry","category-breaking-news"],"_links":{"self":[{"href":"https:\/\/www.giurgiuveanul.ro\/stiri\/wp-json\/wp\/v2\/posts\/95960","targetHints":{"allow":["GET"]}}],"collection":[{"href":"https:\/\/www.giurgiuveanul.ro\/stiri\/wp-json\/wp\/v2\/posts"}],"about":[{"href":"https:\/\/www.giurgiuveanul.ro\/stiri\/wp-json\/wp\/v2\/types\/post"}],"author":[{"embeddable":true,"href":"https:\/\/www.giurgiuveanul.ro\/stiri\/wp-json\/wp\/v2\/users\/1"}],"replies":[{"embeddable":true,"href":"https:\/\/www.giurgiuveanul.ro\/stiri\/wp-json\/wp\/v2\/comments?post=95960"}],"version-history":[{"count":0,"href":"https:\/\/www.giurgiuveanul.ro\/stiri\/wp-json\/wp\/v2\/posts\/95960\/revisions"}],"wp:attachment":[{"href":"https:\/\/www.giurgiuveanul.ro\/stiri\/wp-json\/wp\/v2\/media?parent=95960"}],"wp:term":[{"taxonomy":"category","embeddable":true,"href":"https:\/\/www.giurgiuveanul.ro\/stiri\/wp-json\/wp\/v2\/categories?post=95960"},{"taxonomy":"post_tag","embeddable":true,"href":"https:\/\/www.giurgiuveanul.ro\/stiri\/wp-json\/wp\/v2\/tags?post=95960"}],"curies":[{"name":"wp","href":"https:\/\/api.w.org\/{rel}","templated":true}]}}