{"id":95972,"date":"2023-02-27T17:39:39","date_gmt":"2023-02-27T15:39:39","guid":{"rendered":"https:\/\/www.giurgiuveanul.ro\/stiri\/?p=95972"},"modified":"2023-02-27T17:47:09","modified_gmt":"2023-02-27T15:47:09","slug":"europarlamentar-dan-motreanu-liderul-pnl-giurgiu-ii-incurajez-pe-toti-cetatenii-romani-sa-verifice-ce-proiecte-sunt-finantate-in-judetul-nostru","status":"publish","type":"post","link":"https:\/\/www.giurgiuveanul.ro\/stiri\/europarlamentar-dan-motreanu-liderul-pnl-giurgiu-ii-incurajez-pe-toti-cetatenii-romani-sa-verifice-ce-proiecte-sunt-finantate-in-judetul-nostru\/","title":{"rendered":"Europarlamentar Dan Motreanu, liderul PNL Giurgiu: \u201e\u00cei \u00eencurajez pe to\u021bi cet\u0103\u021benii rom\u00e2ni s\u0103 verifice ce proiecte sunt finan\u021bate \u00een jude\u021bul nostru\u201d"},"content":{"rendered":"<p style=\"text-align: justify;\"><a href=\"https:\/\/www.giurgiuveanul.ro\/stiri\/wp-content\/uploads\/2023\/02\/333811646_1149094492434716_3974704910513188765_n.jpg\"><img loading=\"lazy\" decoding=\"async\" class=\"aligncenter wp-image-95974\" src=\"https:\/\/www.giurgiuveanul.ro\/stiri\/wp-content\/uploads\/2023\/02\/333811646_1149094492434716_3974704910513188765_n-560x403.jpg\" alt=\"\" width=\"579\" height=\"417\" srcset=\"https:\/\/www.giurgiuveanul.ro\/stiri\/wp-content\/uploads\/2023\/02\/333811646_1149094492434716_3974704910513188765_n-560x403.jpg 560w, https:\/\/www.giurgiuveanul.ro\/stiri\/wp-content\/uploads\/2023\/02\/333811646_1149094492434716_3974704910513188765_n-250x180.jpg 250w, https:\/\/www.giurgiuveanul.ro\/stiri\/wp-content\/uploads\/2023\/02\/333811646_1149094492434716_3974704910513188765_n-400x288.jpg 400w, https:\/\/www.giurgiuveanul.ro\/stiri\/wp-content\/uploads\/2023\/02\/333811646_1149094492434716_3974704910513188765_n.jpg 755w\" sizes=\"auto, (max-width: 579px) 100vw, 579px\" \/><\/a>\u00cen Comisia pentru<!--more--> dezvoltare regional\u0103 (REGI) din Parlamentul European, am participat ast\u0103zi la prezentarea Platformei de date privind investi\u021biile efectuate prin intermediul fondurilor UE de coeziune.<\/p>\n<p style=\"text-align: justify;\">Mai exact, este vorba despre o baz\u0103 de date care include informa\u021bii despre fondurile UE de coeziune, programele na\u021bionale, regionale \u0219i interregionale finan\u021bate de la bugetul UE, c\u00e2t \u0219i informa\u021bii despre cele peste 1,5 milioane de proiecte din toate cele 27 de state membre finan\u021bate din fondurile de coeziune \u00eencep\u00e2nd cu anul 2014.<\/p>\n<p style=\"text-align: justify;\">\u00cei \u00eencurajez pe to\u021bi cet\u0103\u021benii rom\u00e2ni s\u0103 verifice ce proiecte sunt finan\u021bate \u00een jude\u021bul nostru.<\/p>\n<p style=\"text-align: justify;\">Se ilustreaz\u0103 astfel rolul esen\u021bial jucat de politica de coeziune \u00een reducerea decalajelor de dezvoltare economic\u0103 \u0219i social\u0103 dintre diferitele regiuni ale Uniunii Europene. Totodat\u0103, prin intermediul platformei, se \u00eencurajeaz\u0103 schimbul de bune practici \u00een ceea ce prive\u0219te atragerea proiectelor finan\u021bare prin fondurile europene.<\/p>\n<p style=\"text-align: justify;\">Aici pute\u021bi descoperi\u021bi proiectele finan\u021bate din fondurile de coeziune\u00a0 in regiunea dumneavoastr\u0103:<\/p>\n<p style=\"text-align: justify;\"><a href=\"https:\/\/kohesio.ec.europa.eu\/ro\/\">https:\/\/kohesio.ec.europa.eu\/ro\/<\/a><\/p>\n<p style=\"text-align: justify;\">Aici pute\u021bi accesa Platforma de date UE privind coeziunea:<\/p>\n<p style=\"text-align: justify;\"><a href=\"https:\/\/cohesiondata.ec.europa.eu\/\">https:\/\/cohesiondata.ec.europa.eu\/<\/a><\/p>\n<p style=\"text-align: center;\"><strong>Europarlamentar Dan Motreanu,<\/strong><\/p>\n<p style=\"text-align: center;\"><strong>Pre\u015fedinte PNL Giurgiu<\/strong><\/p>\n","protected":false},"excerpt":{"rendered":"<p>\u00cen Comisia pentru<\/p>\n","protected":false},"author":1,"featured_media":0,"comment_status":"open","ping_status":"open","sticky":false,"template":"","format":"standard","meta":{"footnotes":""},"categories":[6],"tags":[],"class_list":["post-95972","post","type-post","status-publish","format-standard","hentry","category-breaking-news"],"_links":{"self":[{"href":"https:\/\/www.giurgiuveanul.ro\/stiri\/wp-json\/wp\/v2\/posts\/95972","targetHints":{"allow":["GET"]}}],"collection":[{"href":"https:\/\/www.giurgiuveanul.ro\/stiri\/wp-json\/wp\/v2\/posts"}],"about":[{"href":"https:\/\/www.giurgiuveanul.ro\/stiri\/wp-json\/wp\/v2\/types\/post"}],"author":[{"embeddable":true,"href":"https:\/\/www.giurgiuveanul.ro\/stiri\/wp-json\/wp\/v2\/users\/1"}],"replies":[{"embeddable":true,"href":"https:\/\/www.giurgiuveanul.ro\/stiri\/wp-json\/wp\/v2\/comments?post=95972"}],"version-history":[{"count":0,"href":"https:\/\/www.giurgiuveanul.ro\/stiri\/wp-json\/wp\/v2\/posts\/95972\/revisions"}],"wp:attachment":[{"href":"https:\/\/www.giurgiuveanul.ro\/stiri\/wp-json\/wp\/v2\/media?parent=95972"}],"wp:term":[{"taxonomy":"category","embeddable":true,"href":"https:\/\/www.giurgiuveanul.ro\/stiri\/wp-json\/wp\/v2\/categories?post=95972"},{"taxonomy":"post_tag","embeddable":true,"href":"https:\/\/www.giurgiuveanul.ro\/stiri\/wp-json\/wp\/v2\/tags?post=95972"}],"curies":[{"name":"wp","href":"https:\/\/api.w.org\/{rel}","templated":true}]}}