{"id":95983,"date":"2023-02-28T11:48:38","date_gmt":"2023-02-28T09:48:38","guid":{"rendered":"https:\/\/www.giurgiuveanul.ro\/stiri\/?p=95983"},"modified":"2023-02-28T11:48:38","modified_gmt":"2023-02-28T09:48:38","slug":"ipj-giurgiu-doi-barbati-retinuti-de-politisti-pentru-lovire-sau-alte-violente","status":"publish","type":"post","link":"https:\/\/www.giurgiuveanul.ro\/stiri\/ipj-giurgiu-doi-barbati-retinuti-de-politisti-pentru-lovire-sau-alte-violente\/","title":{"rendered":"IPJ Giurgiu. Doi b\u0103rba\u021bi re\u021binu\u021bi de poli\u021bi\u0219ti pentru lovire sau alte violen\u021be"},"content":{"rendered":"<p style=\"text-align: justify;\"><strong><a href=\"https:\/\/www.giurgiuveanul.ro\/stiri\/wp-content\/uploads\/2023\/02\/pol-rom.jpg\"><img loading=\"lazy\" decoding=\"async\" class=\"aligncenter  wp-image-95491\" src=\"https:\/\/www.giurgiuveanul.ro\/stiri\/wp-content\/uploads\/2023\/02\/pol-rom-560x316.jpg\" alt=\"\" width=\"576\" height=\"325\" srcset=\"https:\/\/www.giurgiuveanul.ro\/stiri\/wp-content\/uploads\/2023\/02\/pol-rom-560x316.jpg 560w, https:\/\/www.giurgiuveanul.ro\/stiri\/wp-content\/uploads\/2023\/02\/pol-rom-250x141.jpg 250w, https:\/\/www.giurgiuveanul.ro\/stiri\/wp-content\/uploads\/2023\/02\/pol-rom-768x433.jpg 768w, https:\/\/www.giurgiuveanul.ro\/stiri\/wp-content\/uploads\/2023\/02\/pol-rom-400x226.jpg 400w, https:\/\/www.giurgiuveanul.ro\/stiri\/wp-content\/uploads\/2023\/02\/pol-rom.jpg 780w\" sizes=\"auto, (max-width: 576px) 100vw, 576px\" \/><\/a>Poli\u0163i\u015ftii<!--more--> Sec\u0163iei Nr. 4 Poli\u0163ie Ghimpa\u0163i au fost sesiza\u0163i direct, la data de 26 februarie a.c., ora 14.00, \u00a0de c\u0103tre un b\u0103rbat, de 31 de ani, din comuna Ghimpa\u021bi, cu privire la faptul c\u0103, \u00een timp ce se afla \u00een t\u00e2rgul s\u0103pt\u0103m\u00e2nal din localitatea Copaciu ar fi fost agresat fizic de c\u0103tre doi b\u0103rba\u021bi.<\/strong><\/p>\n<p style=\"text-align: justify;\">\n<p style=\"text-align: justify;\">\u00cen temeiul sesiz\u0103rii, la fa\u021ba locului s-au deplasat poli\u021bi\u0219tii, iar, din primele cercet\u0103ri, a reie\u0219it faptul c\u0103 doi b\u0103rba\u021bi, de 24 de ani, respectiv 32 de ani, ambii din comuna Letca Nou\u0103, ar fi agresat fizic b\u0103rbatul, de 31 de ani, din comuna Ghimpa\u021bi, pe fondul unor discu\u021bii \u00een contradictoriu.<\/p>\n<p style=\"text-align: justify;\">\n<p style=\"text-align: justify;\">Ulterior, b\u0103rbatul agresat a fost transportat la spital, pentru acordarea de \u00eengrijiri medicale de specialitate.<\/p>\n<p style=\"text-align: justify;\">\n<p style=\"text-align: justify;\">Din cercet\u0103ri a reie\u0219it faptul c\u0103 \u00een luna noiembrie 2022, cei doi b\u0103rba\u021bi au mai fost cerceta\u021bi penal pentru s\u0103v\u00e2r\u0219irea infrac\u021biunii de v\u0103t\u0103mare corporal\u0103.<\/p>\n<p style=\"text-align: justify;\">\n<p style=\"text-align: justify;\">La data de 27 februarie a.c., pe baza probatoriului administrat, <strong>ace\u0219tia au fost re\u021binu\u021bi, pentru 24 de ore, fiind introdu\u0219i \u00een Centrul de Re\u021binere \u0219i Arestare Preventiv\u0103 Giurgiu<\/strong>.<\/p>\n","protected":false},"excerpt":{"rendered":"<p>Poli\u0163i\u015ftii<\/p>\n","protected":false},"author":1,"featured_media":0,"comment_status":"open","ping_status":"open","sticky":false,"template":"","format":"standard","meta":{"footnotes":""},"categories":[6],"tags":[],"class_list":["post-95983","post","type-post","status-publish","format-standard","hentry","category-breaking-news"],"_links":{"self":[{"href":"https:\/\/www.giurgiuveanul.ro\/stiri\/wp-json\/wp\/v2\/posts\/95983","targetHints":{"allow":["GET"]}}],"collection":[{"href":"https:\/\/www.giurgiuveanul.ro\/stiri\/wp-json\/wp\/v2\/posts"}],"about":[{"href":"https:\/\/www.giurgiuveanul.ro\/stiri\/wp-json\/wp\/v2\/types\/post"}],"author":[{"embeddable":true,"href":"https:\/\/www.giurgiuveanul.ro\/stiri\/wp-json\/wp\/v2\/users\/1"}],"replies":[{"embeddable":true,"href":"https:\/\/www.giurgiuveanul.ro\/stiri\/wp-json\/wp\/v2\/comments?post=95983"}],"version-history":[{"count":0,"href":"https:\/\/www.giurgiuveanul.ro\/stiri\/wp-json\/wp\/v2\/posts\/95983\/revisions"}],"wp:attachment":[{"href":"https:\/\/www.giurgiuveanul.ro\/stiri\/wp-json\/wp\/v2\/media?parent=95983"}],"wp:term":[{"taxonomy":"category","embeddable":true,"href":"https:\/\/www.giurgiuveanul.ro\/stiri\/wp-json\/wp\/v2\/categories?post=95983"},{"taxonomy":"post_tag","embeddable":true,"href":"https:\/\/www.giurgiuveanul.ro\/stiri\/wp-json\/wp\/v2\/tags?post=95983"}],"curies":[{"name":"wp","href":"https:\/\/api.w.org\/{rel}","templated":true}]}}