{"id":95985,"date":"2023-02-28T16:23:16","date_gmt":"2023-02-28T14:23:16","guid":{"rendered":"https:\/\/www.giurgiuveanul.ro\/stiri\/?p=95985"},"modified":"2023-02-28T16:25:41","modified_gmt":"2023-02-28T14:25:41","slug":"dgaspc-giurgiu-sponsorizare-din-partea-fundatiei-dan-cristian-popescu-bucuresti","status":"publish","type":"post","link":"https:\/\/www.giurgiuveanul.ro\/stiri\/dgaspc-giurgiu-sponsorizare-din-partea-fundatiei-dan-cristian-popescu-bucuresti\/","title":{"rendered":"DGASPC Giurgiu. Sponsorizare din partea Funda\u021biei \u201cDan Cristian Popescu\u201d &#8211; Bucure\u0219ti"},"content":{"rendered":"<p style=\"text-align: justify;\"><a href=\"https:\/\/www.giurgiuveanul.ro\/stiri\/wp-content\/uploads\/2023\/02\/1-11.jpg\"><img loading=\"lazy\" decoding=\"async\" class=\"aligncenter wp-image-95986\" src=\"https:\/\/www.giurgiuveanul.ro\/stiri\/wp-content\/uploads\/2023\/02\/1-11-537x450.jpg\" alt=\"\" width=\"582\" height=\"488\" srcset=\"https:\/\/www.giurgiuveanul.ro\/stiri\/wp-content\/uploads\/2023\/02\/1-11-537x450.jpg 537w, https:\/\/www.giurgiuveanul.ro\/stiri\/wp-content\/uploads\/2023\/02\/1-11-250x210.jpg 250w, https:\/\/www.giurgiuveanul.ro\/stiri\/wp-content\/uploads\/2023\/02\/1-11-768x644.jpg 768w, https:\/\/www.giurgiuveanul.ro\/stiri\/wp-content\/uploads\/2023\/02\/1-11-400x335.jpg 400w, https:\/\/www.giurgiuveanul.ro\/stiri\/wp-content\/uploads\/2023\/02\/1-11.jpg 1217w\" sizes=\"auto, (max-width: 582px) 100vw, 582px\" \/><\/a>Structurile reziden\u021biale pentru copii \u0219i tineri din cadrul<!--more--> Direc\u021biei Generale de Asisten\u021b\u0103 Social\u0103 \u0219i Protec\u021bia Copilului Giurgiu au primit \u00een data de 28 februarie 2023, o sponsorizare din partea\u00a0 <em>Funda<\/em><em>\u021b<\/em><em>iei \u201cDan Cristian Popescu<\/em>\u201d din Bucure\u0219ti. Astfel, \u00een beneficiul copiilor \u0219i tinerilor afla\u021bi \u00een plasament de tip reziden\u021bial la Complexul de Servicii Sociale, zece case de tip familial \u0219i dou\u0103 apartamente\u00a0 din Giurgiu\u00a0 au fost livrate produse alimentare.<\/p>\n<p><a href=\"https:\/\/www.giurgiuveanul.ro\/stiri\/wp-content\/uploads\/2023\/02\/2-12.jpg\"><img loading=\"lazy\" decoding=\"async\" class=\"aligncenter  wp-image-95994\" src=\"https:\/\/www.giurgiuveanul.ro\/stiri\/wp-content\/uploads\/2023\/02\/2-12-540x450.jpg\" alt=\"\" width=\"575\" height=\"479\" srcset=\"https:\/\/www.giurgiuveanul.ro\/stiri\/wp-content\/uploads\/2023\/02\/2-12-540x450.jpg 540w, https:\/\/www.giurgiuveanul.ro\/stiri\/wp-content\/uploads\/2023\/02\/2-12-250x208.jpg 250w, https:\/\/www.giurgiuveanul.ro\/stiri\/wp-content\/uploads\/2023\/02\/2-12-768x640.jpg 768w, https:\/\/www.giurgiuveanul.ro\/stiri\/wp-content\/uploads\/2023\/02\/2-12-400x333.jpg 400w, https:\/\/www.giurgiuveanul.ro\/stiri\/wp-content\/uploads\/2023\/02\/2-12.jpg 1215w\" sizes=\"auto, (max-width: 575px) 100vw, 575px\" \/><\/a> <a href=\"https:\/\/www.giurgiuveanul.ro\/stiri\/wp-content\/uploads\/2023\/02\/3-12.jpg\"><img loading=\"lazy\" decoding=\"async\" class=\"aligncenter  wp-image-95995\" src=\"https:\/\/www.giurgiuveanul.ro\/stiri\/wp-content\/uploads\/2023\/02\/3-12-517x450.jpg\" alt=\"\" width=\"571\" height=\"497\" srcset=\"https:\/\/www.giurgiuveanul.ro\/stiri\/wp-content\/uploads\/2023\/02\/3-12-517x450.jpg 517w, https:\/\/www.giurgiuveanul.ro\/stiri\/wp-content\/uploads\/2023\/02\/3-12-250x218.jpg 250w, https:\/\/www.giurgiuveanul.ro\/stiri\/wp-content\/uploads\/2023\/02\/3-12-768x668.jpg 768w, https:\/\/www.giurgiuveanul.ro\/stiri\/wp-content\/uploads\/2023\/02\/3-12-400x348.jpg 400w, https:\/\/www.giurgiuveanul.ro\/stiri\/wp-content\/uploads\/2023\/02\/3-12.jpg 1234w\" sizes=\"auto, (max-width: 571px) 100vw, 571px\" \/><\/a> <a href=\"https:\/\/www.giurgiuveanul.ro\/stiri\/wp-content\/uploads\/2023\/02\/4-11.jpg\"><img loading=\"lazy\" decoding=\"async\" class=\"aligncenter  wp-image-95996\" src=\"https:\/\/www.giurgiuveanul.ro\/stiri\/wp-content\/uploads\/2023\/02\/4-11-560x429.jpg\" alt=\"\" width=\"573\" height=\"439\" srcset=\"https:\/\/www.giurgiuveanul.ro\/stiri\/wp-content\/uploads\/2023\/02\/4-11-560x429.jpg 560w, https:\/\/www.giurgiuveanul.ro\/stiri\/wp-content\/uploads\/2023\/02\/4-11-250x191.jpg 250w, https:\/\/www.giurgiuveanul.ro\/stiri\/wp-content\/uploads\/2023\/02\/4-11-768x588.jpg 768w, https:\/\/www.giurgiuveanul.ro\/stiri\/wp-content\/uploads\/2023\/02\/4-11-400x306.jpg 400w, https:\/\/www.giurgiuveanul.ro\/stiri\/wp-content\/uploads\/2023\/02\/4-11.jpg 1426w\" sizes=\"auto, (max-width: 573px) 100vw, 573px\" \/><\/a> <a href=\"https:\/\/www.giurgiuveanul.ro\/stiri\/wp-content\/uploads\/2023\/02\/5-7.jpg\"><img loading=\"lazy\" decoding=\"async\" class=\"aligncenter  wp-image-95997\" src=\"https:\/\/www.giurgiuveanul.ro\/stiri\/wp-content\/uploads\/2023\/02\/5-7-560x420.jpg\" alt=\"\" width=\"569\" height=\"427\" srcset=\"https:\/\/www.giurgiuveanul.ro\/stiri\/wp-content\/uploads\/2023\/02\/5-7-560x420.jpg 560w, https:\/\/www.giurgiuveanul.ro\/stiri\/wp-content\/uploads\/2023\/02\/5-7-250x188.jpg 250w, https:\/\/www.giurgiuveanul.ro\/stiri\/wp-content\/uploads\/2023\/02\/5-7-768x576.jpg 768w, https:\/\/www.giurgiuveanul.ro\/stiri\/wp-content\/uploads\/2023\/02\/5-7-1536x1153.jpg 1536w, https:\/\/www.giurgiuveanul.ro\/stiri\/wp-content\/uploads\/2023\/02\/5-7-400x300.jpg 400w, https:\/\/www.giurgiuveanul.ro\/stiri\/wp-content\/uploads\/2023\/02\/5-7.jpg 1599w\" sizes=\"auto, (max-width: 569px) 100vw, 569px\" \/><\/a><\/p>\n<p style=\"text-align: justify;\">\u201c<em>Pentru c\u0103 eu sunt fiic\u0103 a jude\u021bului, m-am n\u0103scut \u00een Coliba\u0219i, jude\u021bul Giurgiu, mi-am dorit ca aceast\u0103 ac\u021biune de sprijin umanitar s\u0103 se desf\u0103\u0219oare la D.G.A.S.P.C. din jude\u021bul Giurgiu.<\/em> <em>Sponsorizarea de ast\u0103zi, const\u00e2nd \u00een <\/em><em>produse alimentare <\/em><em>\u00ee<\/em><em>n valoare de 10780 lei<\/em><em>, este un prim pas \u00een colaborarea pe care\u00a0 dorim s\u0103 o derul\u0103m \u00eempreun\u0103 cu D.G.A.S.P.C. Giurgiu<\/em><em>;<\/em><em> inten\u021bion\u0103m s\u0103 ajut\u0103m prin dona\u021bii de alimente, materiale de construc\u021bie \u0219i produse de cur\u0103\u021benie \u0219i centrele pentru v\u00e2rstnici<\/em>\u201d, a \u00a0declarat <strong>Denisa Mihalache<\/strong>, director al\u00a0 <em>Funda<\/em><em>\u021b<\/em><em>iei \u201cDan Cristian Popescu<\/em>\u201d.<\/p>\n<p style=\"text-align: justify;\">Conducerea Direc\u021biei Generale de Asisten\u021b\u0103 Social\u0103 \u0219i Protec\u021bia Copilului Giurgiu adreseaz\u0103 mul\u021bumiri sponsorului\u00a0 precum \u0219i tuturor persoanelor implicate \u00een derularea acestei ac\u021biuni.<\/p>\n<p>\u00a0\u00a0\u00a0\u00a0\u00a0\u00a0\u00a0\u00a0\u00a0\u00a0\u00a0\u00a0\u00a0\u00a0\u00a0\u00a0\u00a0\u00a0\u00a0\u00a0\u00a0\u00a0\u00a0\u00a0\u00a0\u00a0\u00a0\u00a0\u00a0\u00a0\u00a0\u00a0\u00a0\u00a0\u00a0\u00a0\u00a0\u00a0\u00a0\u00a0\u00a0\u00a0\u00a0\u00a0\u00a0\u00a0\u00a0\u00a0\u00a0\u00a0\u00a0\u00a0\u00a0\u00a0\u00a0\u00a0\u00a0\u00a0\u00a0\u00a0\u00a0\u00a0\u00a0\u00a0\u00a0\u00a0\u00a0\u00a0\u00a0\u00a0\u00a0\u00a0\u00a0\u00a0\u00a0\u00a0\u00a0\u00a0\u00a0\u00a0\u00a0\u00a0\u00a0\u00a0\u00a0\u00a0\u00a0\u00a0\u00a0\u00a0\u00a0\u00a0\u00a0\u00a0\u00a0\u00a0\u00a0\u00a0\u00a0\u00a0\u00a0\u00a0\u00a0 D.G.A.S.P.C. Giurgiu<\/p>\n","protected":false},"excerpt":{"rendered":"<p>Structurile reziden\u021biale pentru copii \u0219i tineri din cadrul<\/p>\n","protected":false},"author":1,"featured_media":0,"comment_status":"open","ping_status":"open","sticky":false,"template":"","format":"standard","meta":{"footnotes":""},"categories":[6],"tags":[],"class_list":["post-95985","post","type-post","status-publish","format-standard","hentry","category-breaking-news"],"_links":{"self":[{"href":"https:\/\/www.giurgiuveanul.ro\/stiri\/wp-json\/wp\/v2\/posts\/95985","targetHints":{"allow":["GET"]}}],"collection":[{"href":"https:\/\/www.giurgiuveanul.ro\/stiri\/wp-json\/wp\/v2\/posts"}],"about":[{"href":"https:\/\/www.giurgiuveanul.ro\/stiri\/wp-json\/wp\/v2\/types\/post"}],"author":[{"embeddable":true,"href":"https:\/\/www.giurgiuveanul.ro\/stiri\/wp-json\/wp\/v2\/users\/1"}],"replies":[{"embeddable":true,"href":"https:\/\/www.giurgiuveanul.ro\/stiri\/wp-json\/wp\/v2\/comments?post=95985"}],"version-history":[{"count":0,"href":"https:\/\/www.giurgiuveanul.ro\/stiri\/wp-json\/wp\/v2\/posts\/95985\/revisions"}],"wp:attachment":[{"href":"https:\/\/www.giurgiuveanul.ro\/stiri\/wp-json\/wp\/v2\/media?parent=95985"}],"wp:term":[{"taxonomy":"category","embeddable":true,"href":"https:\/\/www.giurgiuveanul.ro\/stiri\/wp-json\/wp\/v2\/categories?post=95985"},{"taxonomy":"post_tag","embeddable":true,"href":"https:\/\/www.giurgiuveanul.ro\/stiri\/wp-json\/wp\/v2\/tags?post=95985"}],"curies":[{"name":"wp","href":"https:\/\/api.w.org\/{rel}","templated":true}]}}