{"id":95999,"date":"2023-02-28T16:44:52","date_gmt":"2023-02-28T14:44:52","guid":{"rendered":"https:\/\/www.giurgiuveanul.ro\/stiri\/?p=95999"},"modified":"2023-02-28T16:45:11","modified_gmt":"2023-02-28T14:45:11","slug":"interzicerea-centralelor-de-apartament-pe-gaz-in-europa","status":"publish","type":"post","link":"https:\/\/www.giurgiuveanul.ro\/stiri\/interzicerea-centralelor-de-apartament-pe-gaz-in-europa\/","title":{"rendered":"Interzicerea centralelor de apartament pe gaz \u00een Europa!"},"content":{"rendered":"<p style=\"text-align: justify;\"><a href=\"https:\/\/www.giurgiuveanul.ro\/stiri\/wp-content\/uploads\/2023\/02\/Neintitulat.jpg\"><img loading=\"lazy\" decoding=\"async\" class=\"aligncenter wp-image-96000\" src=\"https:\/\/www.giurgiuveanul.ro\/stiri\/wp-content\/uploads\/2023\/02\/Neintitulat-560x278.jpg\" alt=\"\" width=\"576\" height=\"286\" srcset=\"https:\/\/www.giurgiuveanul.ro\/stiri\/wp-content\/uploads\/2023\/02\/Neintitulat-560x278.jpg 560w, https:\/\/www.giurgiuveanul.ro\/stiri\/wp-content\/uploads\/2023\/02\/Neintitulat-250x124.jpg 250w, https:\/\/www.giurgiuveanul.ro\/stiri\/wp-content\/uploads\/2023\/02\/Neintitulat-768x381.jpg 768w, https:\/\/www.giurgiuveanul.ro\/stiri\/wp-content\/uploads\/2023\/02\/Neintitulat-400x199.jpg 400w, https:\/\/www.giurgiuveanul.ro\/stiri\/wp-content\/uploads\/2023\/02\/Neintitulat.jpg 900w\" sizes=\"auto, (max-width: 576px) 100vw, 576px\" \/><\/a>Centralele pe gaz natural sunt utilizate<!--more--> pe scar\u0103 larg\u0103 ast\u0103zi \u00een Europa pentru a furniza ap\u0103 cald\u0103 \u0219i \u00eenc\u0103lzirea spa\u021biului \u00een cl\u0103dirile casnice, comerciale \u0219i industriale. Centralele de apartament pe gaz natural produc 38% din energia final\u0103 pentru \u00eenc\u0103lzirea spa\u021biului UE \u00een cl\u0103dirile reziden\u021biale. Obiectivele UE de decarbonizare, stabilesc \u00eenlocuirea acestor centrale pe gaz natural c\u00e2t mai cur\u00e2nd posibil, cu pompe de c\u0103ldur\u0103, \u00eenc\u0103lzire solar\u0103 \u0219i\/sau geotermal\u0103 sau sisteme de termoficare.<\/p>\n<p style=\"text-align: justify;\">Propunerile REPowerEU \u00eencurajeaz\u0103 statele membre s\u0103 elimine treptat centralele pe combustibili fosili din cl\u0103diri, s\u0103 \u00een\u0103spreasc\u0103 cerin\u021bele na\u021bionale pentru \u00eenlocuirea centralelor de aparmanet \u0219i s\u0103 limiteze dup\u0103 anul 2029 pentru introducerea pe pia\u021b\u0103 de centrale pe gaze. De asemenea, REPowerEU \u00eencurajeaz\u0103 statele membre s\u0103 introduc\u0103 interdic\u021bii na\u021bionale pentru centralele de apartament care utilizeaz\u0103 combustibili fosili \u00een cl\u0103dirile existente \u0219i noi. De\u0219i exist\u0103 astfel de inten\u021bii la nivelu UE, nu exist\u0103 \u00eenc\u0103 o legisla\u021bie a UE care s\u0103 impun\u0103 astfel de interdic\u021bii. Cu toate acestea, opt \u021b\u0103ri europene au \u00eenceput deja procesul de interzicere a utiliz\u0103rii centralelor pe gaz \u00een cl\u0103diri:<\/p>\n<ol style=\"text-align: justify;\">\n<li>Danemarca \u2013 a interzis din 2013 racordarea de noi cl\u0103diri la re\u021beaua de gaze naturale. A stabilit ca p\u00e2n\u0103 \u00een anul 2028 jum\u0103tate din imobile s\u0103 fie racordate la re\u021beaua de \u00eenc\u0103lzire central\u0103<\/li>\n<li>Norvegia \u2013 a interzis din 2017 racordarea de noi cl\u0103diri la re\u021beaua de gaze naturale<\/li>\n<li>Olanda \u2013 a interzis din 2018 racordarea de noi cl\u0103diri la re\u021beaua de gaze naturale<\/li>\n<li>Fran\u021ba &#8211; datorit\u0103 introducerii limitelor de emisii de CO2 a instala\u021biilor de \u00eenc\u0103lzire a noilor immobile, de facto a interzis din anul 2022 montarea de centrale gaz \u0219i produse petroliere<\/li>\n<li>Austria \u2013 impune din anul 20243interzicerea repar\u0103rii vechilor centrale termice \u0219i montarea de noi centrale termice<\/li>\n<li>Germania \u2013 impune din anul 2024 obliga\u021bia ca 64% din energia folosit\u0103 pentru noi sisteme de \u00eenc\u0103lzire s\u0103 fie din energie regenerabil\u0103, defacto interzice din anul 2022 montarea de centrale gaz \u0219i produse petroliere<\/li>\n<li>Marea Britanie \u2013 interzice din anul 2025 montarea de centrale pe gaz \u0219i produse petroliere \u00een imobilele noi<\/li>\n<li>Belgia &#8211; interzice din anul 2025 montarea de centrale pe combustibili fosili \u00een imobilele noi<\/li>\n<\/ol>\n<p style=\"text-align: justify;\">\u00cenlocuirea tuturor centralelor pe gaz nu va fi nici u\u0219oar\u0103 \u0219i nici rapid\u0103, din cauza num\u0103rului mare centrale existente (cca 65 de milioane de cetrale pe gaze exist\u0103 \u00een UE)\u00a0 \u0219i pentru c\u0103 mul\u021bi proprietari nu au banii necesari pentru a pl\u0103ti \u00eenlocuirea lor. Dac\u0103 mai ad\u0103ug\u0103m c\u0103 exist\u0103 multe propriet\u0103\u021bi care sunt dotate cu centrale termice care sunt \u00eenchiriate, situa\u021bia devine \u0219i mai complicat\u0103, efectul fiind scumpirea chiriilor datorit\u0103 investi\u021biei realizate de proprietar, dar \u0219i reducerea spa\u021biului locativ \u00eenchiriat urmare a refuzului realiz\u0103rii acestor investi\u021bii.<\/p>\n<p style=\"text-align: justify;\">Un alt aspect care trebuie luat \u00een considerare este faptul c\u0103 multe locuin\u021be din Rom\u00e2nia au un grad redus de izolare termic\u0103, ceea ce face ca investi\u021biie \u00eentr-o solu\u021bie alternativ\u0103 de \u00eenc\u0103lzire la centrala pe gaze s\u0103 fie \u00een Rom\u00e2nia, mult peste nivelul similar din Europa (exemplul o cas\u0103 de 150 mp, foarte bine izolat\u0103 necesit\u0103 o investi\u021bie pentru o pomp\u0103 de c\u0103ldur\u0103 de cca. 15.000 euro, aceea\u0219i cas\u0103 slab izolat\u0103 necesit\u0103 o investi\u021bie de cca. 25.000 euro).<\/p>\n<p style=\"text-align: justify;\">Ast\u0103zi, gazele naturale utilizate \u00een centralele de apartament nu sunt supuse a fi acoperite de Sistemul de comercializare a emisiilor (ETS) deoarece aceste echipamente sunt de mic\u0103 capacitate. Acest lucru face, ca \u00eenc\u0103lzirea cu gaz natural este mai ieftin\u0103 dec\u00e2t \u00eenc\u0103lzirea cu sisteme de termoficare folosind gaze naturale unde exist\u0103 obliga\u021bia pl\u0103\u021bii certificatelor de emisii de CO2. La nivelul UE exist\u0103 discu\u021bii pentru \u201d<em>\u00eenl\u0103turarea anomaliei \u0219i stabilirea de condi\u021bii de concuren\u021b\u0103 echitabile pentru \u00eenc\u0103lzirea cu gaz natural \u0219i sisteme de termoficare sau alte sisteme de \u00eenc\u0103lzire<\/em>\u201d.<\/p>\n<p style=\"text-align: justify;\">Ca parte a pachetului s\u0103u Fit for 55 din iulie 2021, Comisia a propus s\u0103 se fac\u0103 acest lucru prin extinderea directivei ETS (ETS 2) pentru a include combustibilii fosili utiliza\u021bi \u00een cl\u0103diri \u0219i pentru a impune obliga\u021bii furnizorilor de combustibili. Aceast\u0103 propunere nu a primit \u00eenc\u0103 sprijin pe scar\u0103 larg\u0103. Ca \u0219i \u00een alte multe situa\u021bii, ceea ce se \u00eent\u00e2mpl\u0103 \u00een Vestul Europei, este preluat \u0219i \u00een Estul Europei!<\/p>\n<p style=\"text-align: justify;\"><strong>Dumitru Chisalita,<\/strong><\/p>\n<p style=\"text-align: justify;\"><strong>Presedinte<\/strong><\/p>\n","protected":false},"excerpt":{"rendered":"<p>Centralele pe gaz natural sunt utilizate<\/p>\n","protected":false},"author":1,"featured_media":0,"comment_status":"open","ping_status":"open","sticky":false,"template":"","format":"standard","meta":{"footnotes":""},"categories":[6],"tags":[],"class_list":["post-95999","post","type-post","status-publish","format-standard","hentry","category-breaking-news"],"_links":{"self":[{"href":"https:\/\/www.giurgiuveanul.ro\/stiri\/wp-json\/wp\/v2\/posts\/95999","targetHints":{"allow":["GET"]}}],"collection":[{"href":"https:\/\/www.giurgiuveanul.ro\/stiri\/wp-json\/wp\/v2\/posts"}],"about":[{"href":"https:\/\/www.giurgiuveanul.ro\/stiri\/wp-json\/wp\/v2\/types\/post"}],"author":[{"embeddable":true,"href":"https:\/\/www.giurgiuveanul.ro\/stiri\/wp-json\/wp\/v2\/users\/1"}],"replies":[{"embeddable":true,"href":"https:\/\/www.giurgiuveanul.ro\/stiri\/wp-json\/wp\/v2\/comments?post=95999"}],"version-history":[{"count":0,"href":"https:\/\/www.giurgiuveanul.ro\/stiri\/wp-json\/wp\/v2\/posts\/95999\/revisions"}],"wp:attachment":[{"href":"https:\/\/www.giurgiuveanul.ro\/stiri\/wp-json\/wp\/v2\/media?parent=95999"}],"wp:term":[{"taxonomy":"category","embeddable":true,"href":"https:\/\/www.giurgiuveanul.ro\/stiri\/wp-json\/wp\/v2\/categories?post=95999"},{"taxonomy":"post_tag","embeddable":true,"href":"https:\/\/www.giurgiuveanul.ro\/stiri\/wp-json\/wp\/v2\/tags?post=95999"}],"curies":[{"name":"wp","href":"https:\/\/api.w.org\/{rel}","templated":true}]}}