{"id":96003,"date":"2023-02-28T17:30:22","date_gmt":"2023-02-28T15:30:22","guid":{"rendered":"https:\/\/www.giurgiuveanul.ro\/stiri\/?p=96003"},"modified":"2023-02-28T17:38:11","modified_gmt":"2023-02-28T15:38:11","slug":"radu-pietreanu-se-da-din-nou-in-spectacol-la-giurgiu-in-trattoria-di-centro","status":"publish","type":"post","link":"https:\/\/www.giurgiuveanul.ro\/stiri\/radu-pietreanu-se-da-din-nou-in-spectacol-la-giurgiu-in-trattoria-di-centro\/","title":{"rendered":"Radu Pietreanu se d\u0103 din nou \u00een spectacol la Giurgiu, \u00een \u201eTrattoria ~ Di Centro\u201d"},"content":{"rendered":"<p><a href=\"https:\/\/www.giurgiuveanul.ro\/stiri\/wp-content\/uploads\/2023\/02\/radu-pietreanu-la-giurgiu.jpg\"><img loading=\"lazy\" decoding=\"async\" class=\"aligncenter wp-image-96004\" src=\"https:\/\/www.giurgiuveanul.ro\/stiri\/wp-content\/uploads\/2023\/02\/radu-pietreanu-la-giurgiu-360x450.jpg\" alt=\"\" width=\"570\" height=\"713\" srcset=\"https:\/\/www.giurgiuveanul.ro\/stiri\/wp-content\/uploads\/2023\/02\/radu-pietreanu-la-giurgiu-360x450.jpg 360w, https:\/\/www.giurgiuveanul.ro\/stiri\/wp-content\/uploads\/2023\/02\/radu-pietreanu-la-giurgiu-240x300.jpg 240w, https:\/\/www.giurgiuveanul.ro\/stiri\/wp-content\/uploads\/2023\/02\/radu-pietreanu-la-giurgiu-768x961.jpg 768w, https:\/\/www.giurgiuveanul.ro\/stiri\/wp-content\/uploads\/2023\/02\/radu-pietreanu-la-giurgiu-400x501.jpg 400w, https:\/\/www.giurgiuveanul.ro\/stiri\/wp-content\/uploads\/2023\/02\/radu-pietreanu-la-giurgiu.jpg 800w\" sizes=\"auto, (max-width: 570px) 100vw, 570px\" \/><\/a>\u201eTrattoria ~ Di Centro\u201d v\u0103 invit\u0103<!--more--> vineri, 3 martie, \u00eencep\u00e2nd cu orele 20:00, la o sear\u0103 \u00a0de comedie, cu un show de excep\u0163ie &#8211; marca Radu Pietreanu.<\/p>\n<p>A\u015fadar, vino s\u0103-ti iei por\u0163ia de r\u00e2s \u015fi s\u0103 te distrezi!<\/p>\n<p><strong>Pre\u0163 bilet: 50 lei\/persoan\u0103.<\/strong><\/p>\n<p><strong>Informa\u0163ii \u015fi rezerv\u0103ri: 0765.480.488.<\/strong><\/p>\n","protected":false},"excerpt":{"rendered":"<p>\u201eTrattoria ~ Di Centro\u201d v\u0103 invit\u0103<\/p>\n","protected":false},"author":1,"featured_media":0,"comment_status":"open","ping_status":"open","sticky":false,"template":"","format":"standard","meta":{"footnotes":""},"categories":[6],"tags":[],"class_list":["post-96003","post","type-post","status-publish","format-standard","hentry","category-breaking-news"],"_links":{"self":[{"href":"https:\/\/www.giurgiuveanul.ro\/stiri\/wp-json\/wp\/v2\/posts\/96003","targetHints":{"allow":["GET"]}}],"collection":[{"href":"https:\/\/www.giurgiuveanul.ro\/stiri\/wp-json\/wp\/v2\/posts"}],"about":[{"href":"https:\/\/www.giurgiuveanul.ro\/stiri\/wp-json\/wp\/v2\/types\/post"}],"author":[{"embeddable":true,"href":"https:\/\/www.giurgiuveanul.ro\/stiri\/wp-json\/wp\/v2\/users\/1"}],"replies":[{"embeddable":true,"href":"https:\/\/www.giurgiuveanul.ro\/stiri\/wp-json\/wp\/v2\/comments?post=96003"}],"version-history":[{"count":0,"href":"https:\/\/www.giurgiuveanul.ro\/stiri\/wp-json\/wp\/v2\/posts\/96003\/revisions"}],"wp:attachment":[{"href":"https:\/\/www.giurgiuveanul.ro\/stiri\/wp-json\/wp\/v2\/media?parent=96003"}],"wp:term":[{"taxonomy":"category","embeddable":true,"href":"https:\/\/www.giurgiuveanul.ro\/stiri\/wp-json\/wp\/v2\/categories?post=96003"},{"taxonomy":"post_tag","embeddable":true,"href":"https:\/\/www.giurgiuveanul.ro\/stiri\/wp-json\/wp\/v2\/tags?post=96003"}],"curies":[{"name":"wp","href":"https:\/\/api.w.org\/{rel}","templated":true}]}}