{"id":96077,"date":"2023-03-02T15:39:37","date_gmt":"2023-03-02T13:39:37","guid":{"rendered":"https:\/\/www.giurgiuveanul.ro\/stiri\/?p=96077"},"modified":"2023-03-02T15:47:31","modified_gmt":"2023-03-02T13:47:31","slug":"acum-autocar-rasturnat-in-zona-vamii-giurgiu-foto","status":"publish","type":"post","link":"https:\/\/www.giurgiuveanul.ro\/stiri\/acum-autocar-rasturnat-in-zona-vamii-giurgiu-foto\/","title":{"rendered":"ACUM. Autocar r\u0103sturnat \u00een zona V\u0103mii Giurgiu (FOTO)"},"content":{"rendered":"<p style=\"text-align: justify;\"><a href=\"https:\/\/www.giurgiuveanul.ro\/stiri\/wp-content\/uploads\/2023\/03\/WhatsApp-Image-2023-03-02-at-15.35.09.jpeg\"><img loading=\"lazy\" decoding=\"async\" class=\"aligncenter wp-image-96078\" src=\"https:\/\/www.giurgiuveanul.ro\/stiri\/wp-content\/uploads\/2023\/03\/WhatsApp-Image-2023-03-02-at-15.35.09-560x340.jpeg\" alt=\"\" width=\"576\" height=\"350\" srcset=\"https:\/\/www.giurgiuveanul.ro\/stiri\/wp-content\/uploads\/2023\/03\/WhatsApp-Image-2023-03-02-at-15.35.09-560x340.jpeg 560w, https:\/\/www.giurgiuveanul.ro\/stiri\/wp-content\/uploads\/2023\/03\/WhatsApp-Image-2023-03-02-at-15.35.09-250x152.jpeg 250w, https:\/\/www.giurgiuveanul.ro\/stiri\/wp-content\/uploads\/2023\/03\/WhatsApp-Image-2023-03-02-at-15.35.09-768x466.jpeg 768w, https:\/\/www.giurgiuveanul.ro\/stiri\/wp-content\/uploads\/2023\/03\/WhatsApp-Image-2023-03-02-at-15.35.09-1536x932.jpeg 1536w, https:\/\/www.giurgiuveanul.ro\/stiri\/wp-content\/uploads\/2023\/03\/WhatsApp-Image-2023-03-02-at-15.35.09-400x243.jpeg 400w, https:\/\/www.giurgiuveanul.ro\/stiri\/wp-content\/uploads\/2023\/03\/WhatsApp-Image-2023-03-02-at-15.35.09.jpeg 1980w\" sizes=\"auto, (max-width: 576px) 100vw, 576px\" \/><\/a>\u00cen urm\u0103 cu pu\u0163in timp,<!--more--> un autocar s-a r\u0103sturnat \u00een zona V\u0103mii Giurgiu. Intervin pompierii giurgiuveni, dar \u015fi echipaje de la SAJ.<\/p>\n<p style=\"text-align: justify;\">Vom reveni cu am\u0103nunte.<\/p>\n<p><strong>N.B. Mul\u0163umim, \u015fi pe aceast\u0103 cale, cititorilor no\u015ftri pentru fotografiile transmise pe adresa redac\u0163iei.<\/strong><\/p>\n","protected":false},"excerpt":{"rendered":"<p>\u00cen urm\u0103 cu pu\u0163in timp,<\/p>\n","protected":false},"author":1,"featured_media":0,"comment_status":"open","ping_status":"open","sticky":false,"template":"","format":"standard","meta":{"footnotes":""},"categories":[6],"tags":[],"class_list":["post-96077","post","type-post","status-publish","format-standard","hentry","category-breaking-news"],"_links":{"self":[{"href":"https:\/\/www.giurgiuveanul.ro\/stiri\/wp-json\/wp\/v2\/posts\/96077","targetHints":{"allow":["GET"]}}],"collection":[{"href":"https:\/\/www.giurgiuveanul.ro\/stiri\/wp-json\/wp\/v2\/posts"}],"about":[{"href":"https:\/\/www.giurgiuveanul.ro\/stiri\/wp-json\/wp\/v2\/types\/post"}],"author":[{"embeddable":true,"href":"https:\/\/www.giurgiuveanul.ro\/stiri\/wp-json\/wp\/v2\/users\/1"}],"replies":[{"embeddable":true,"href":"https:\/\/www.giurgiuveanul.ro\/stiri\/wp-json\/wp\/v2\/comments?post=96077"}],"version-history":[{"count":0,"href":"https:\/\/www.giurgiuveanul.ro\/stiri\/wp-json\/wp\/v2\/posts\/96077\/revisions"}],"wp:attachment":[{"href":"https:\/\/www.giurgiuveanul.ro\/stiri\/wp-json\/wp\/v2\/media?parent=96077"}],"wp:term":[{"taxonomy":"category","embeddable":true,"href":"https:\/\/www.giurgiuveanul.ro\/stiri\/wp-json\/wp\/v2\/categories?post=96077"},{"taxonomy":"post_tag","embeddable":true,"href":"https:\/\/www.giurgiuveanul.ro\/stiri\/wp-json\/wp\/v2\/tags?post=96077"}],"curies":[{"name":"wp","href":"https:\/\/api.w.org\/{rel}","templated":true}]}}