{"id":96085,"date":"2023-03-02T15:57:47","date_gmt":"2023-03-02T13:57:47","guid":{"rendered":"https:\/\/www.giurgiuveanul.ro\/stiri\/?p=96085"},"modified":"2023-03-02T15:57:47","modified_gmt":"2023-03-02T13:57:47","slug":"isu-giurgiu-informatii-despre-accidentul-rutier-din-zona-vamii-giurgiu","status":"publish","type":"post","link":"https:\/\/www.giurgiuveanul.ro\/stiri\/isu-giurgiu-informatii-despre-accidentul-rutier-din-zona-vamii-giurgiu\/","title":{"rendered":"ISU Giurgiu. Informa\u0163ii despre ACCIDENTUL RUTIER din zona V\u0103mii Giurgiu"},"content":{"rendered":"<p style=\"text-align: justify;\"><a href=\"https:\/\/www.giurgiuveanul.ro\/stiri\/wp-content\/uploads\/2023\/03\/WhatsApp-Image-2023-03-02-at-15.35.28.jpg\"><img loading=\"lazy\" decoding=\"async\" class=\"aligncenter  wp-image-96086\" src=\"https:\/\/www.giurgiuveanul.ro\/stiri\/wp-content\/uploads\/2023\/03\/WhatsApp-Image-2023-03-02-at-15.35.28-560x401.jpg\" alt=\"\" width=\"575\" height=\"412\" srcset=\"https:\/\/www.giurgiuveanul.ro\/stiri\/wp-content\/uploads\/2023\/03\/WhatsApp-Image-2023-03-02-at-15.35.28-560x401.jpg 560w, https:\/\/www.giurgiuveanul.ro\/stiri\/wp-content\/uploads\/2023\/03\/WhatsApp-Image-2023-03-02-at-15.35.28-250x179.jpg 250w, https:\/\/www.giurgiuveanul.ro\/stiri\/wp-content\/uploads\/2023\/03\/WhatsApp-Image-2023-03-02-at-15.35.28-768x550.jpg 768w, https:\/\/www.giurgiuveanul.ro\/stiri\/wp-content\/uploads\/2023\/03\/WhatsApp-Image-2023-03-02-at-15.35.28-1536x1100.jpg 1536w, https:\/\/www.giurgiuveanul.ro\/stiri\/wp-content\/uploads\/2023\/03\/WhatsApp-Image-2023-03-02-at-15.35.28-400x286.jpg 400w, https:\/\/www.giurgiuveanul.ro\/stiri\/wp-content\/uploads\/2023\/03\/WhatsApp-Image-2023-03-02-at-15.35.28.jpg 1994w\" sizes=\"auto, (max-width: 575px) 100vw, 575px\" \/><\/a>Un autocar s-a r\u0103sturnat<!--more--> \u00een sensul giratoriu cu \u0219oseaua de centur\u0103 ce duce spre Vam\u0103. \u00cen acesta se afla doar conduc\u0103torul auto. Evenimentul s-a produs \u00een aceast\u0103 dup\u0103-amiaz\u0103.<\/p>\n<p style=\"text-align: justify;\">La fa\u021ba locului s-au deplasat pompierii din cadrul Deta\u0219amentului Giurgiu, cu o autospecial\u0103 de stingere, o descarcerare, un echipaj SMURD \u0219i o ambulan\u021b\u0103 SAJ. Ace\u0219tia au g\u0103sit autocarul r\u0103sturnat pe o parte, \u00een afara carosabilului, pe sensul de mers spre Bucure\u0219ti.<\/p>\n<p style=\"text-align: justify;\">\u0218oferul a fost ajutat de paramedicii SMURD \u0219i de personalul medical al SAJ s\u0103 ias\u0103 din autocar. Acesta era con\u0219tient \u0219i cooperant, \u00eens\u0103 a avut nevoie de \u00eengrijiri medicale, fiind preluat de ambulan\u021b\u0103 \u0219i transportat la spital.<\/p>\n<p style=\"text-align: justify;\">Pompierii au asigurat m\u0103surile de prevenire a incendiilor.<\/p>\n<p style=\"text-align: justify;\">Cazul a r\u0103mas \u00een aten\u021bia Poli\u021biei pentru cercet\u0103ri.<\/p>\n","protected":false},"excerpt":{"rendered":"<p>Un autocar s-a r\u0103sturnat<\/p>\n","protected":false},"author":1,"featured_media":0,"comment_status":"open","ping_status":"open","sticky":false,"template":"","format":"standard","meta":{"footnotes":""},"categories":[6],"tags":[],"class_list":["post-96085","post","type-post","status-publish","format-standard","hentry","category-breaking-news"],"_links":{"self":[{"href":"https:\/\/www.giurgiuveanul.ro\/stiri\/wp-json\/wp\/v2\/posts\/96085","targetHints":{"allow":["GET"]}}],"collection":[{"href":"https:\/\/www.giurgiuveanul.ro\/stiri\/wp-json\/wp\/v2\/posts"}],"about":[{"href":"https:\/\/www.giurgiuveanul.ro\/stiri\/wp-json\/wp\/v2\/types\/post"}],"author":[{"embeddable":true,"href":"https:\/\/www.giurgiuveanul.ro\/stiri\/wp-json\/wp\/v2\/users\/1"}],"replies":[{"embeddable":true,"href":"https:\/\/www.giurgiuveanul.ro\/stiri\/wp-json\/wp\/v2\/comments?post=96085"}],"version-history":[{"count":0,"href":"https:\/\/www.giurgiuveanul.ro\/stiri\/wp-json\/wp\/v2\/posts\/96085\/revisions"}],"wp:attachment":[{"href":"https:\/\/www.giurgiuveanul.ro\/stiri\/wp-json\/wp\/v2\/media?parent=96085"}],"wp:term":[{"taxonomy":"category","embeddable":true,"href":"https:\/\/www.giurgiuveanul.ro\/stiri\/wp-json\/wp\/v2\/categories?post=96085"},{"taxonomy":"post_tag","embeddable":true,"href":"https:\/\/www.giurgiuveanul.ro\/stiri\/wp-json\/wp\/v2\/tags?post=96085"}],"curies":[{"name":"wp","href":"https:\/\/api.w.org\/{rel}","templated":true}]}}