{"id":96088,"date":"2023-03-02T16:14:58","date_gmt":"2023-03-02T14:14:58","guid":{"rendered":"https:\/\/www.giurgiuveanul.ro\/stiri\/?p=96088"},"modified":"2023-03-02T16:15:23","modified_gmt":"2023-03-02T14:15:23","slug":"fost-politist-giurgiuvean-retinut-de-procurorii-din-cadrul-directiei-nationale-anticoruptie","status":"publish","type":"post","link":"https:\/\/www.giurgiuveanul.ro\/stiri\/fost-politist-giurgiuvean-retinut-de-procurorii-din-cadrul-directiei-nationale-anticoruptie\/","title":{"rendered":"Fost poli\u0163ist giurgiuvean, re\u0163inut de procurorii din cadrul Direc\u021biei Na\u021bionale Anticorup\u021bie"},"content":{"rendered":"<p style=\"text-align: justify;\"><a href=\"https:\/\/www.giurgiuveanul.ro\/stiri\/wp-content\/uploads\/2023\/03\/images.jpg\"><img loading=\"lazy\" decoding=\"async\" class=\"aligncenter wp-image-96089\" src=\"https:\/\/www.giurgiuveanul.ro\/stiri\/wp-content\/uploads\/2023\/03\/images.jpg\" alt=\"\" width=\"573\" height=\"381\" srcset=\"https:\/\/www.giurgiuveanul.ro\/stiri\/wp-content\/uploads\/2023\/03\/images.jpg 275w, https:\/\/www.giurgiuveanul.ro\/stiri\/wp-content\/uploads\/2023\/03\/images-250x166.jpg 250w\" sizes=\"auto, (max-width: 573px) 100vw, 573px\" \/><\/a>Procurorii din cadrul Direc\u021biei Na\u021bionale Anticorup\u021bie &#8211; Sec\u021bia de combatere a corup\u021biei au dispus<!--more--> punerea \u00een mi\u0219care a ac\u021biunii penale \u0219i re\u021binerea pentru 24 de ore, \u00eencep\u00e2nd cu data de 01 martie 2023, a inculpatului:<\/p>\n<p style=\"text-align: justify;\"><strong>B\u00ceZ\u0102RAN MIHAI-C\u0102T\u0102LIN,<\/strong> agent de poli\u021bie judiciar\u0103 \u00een cadrul I.G.P.R.-Direc\u021bia de Investigare a Criminalit\u0103\u021bii Economice, pentru comiterea infrac\u021biunilor de:<\/p>\n<p style=\"text-align: justify;\">&#8211; luare de mit\u0103,<\/p>\n<p style=\"text-align: justify;\">&#8211; trafic de influen\u021b\u0103,<\/p>\n<p style=\"text-align: justify;\">&#8211; folosirea, \u00een orice mod, direct sau indirect, de informa\u021bii ce nu sunt destinate publicit\u0103\u021bii, \u00een scopul ob\u021binerii pentru sine sau pentru altul de bani, bunuri ori alte foloase necuvenite.<\/p>\n<p style=\"text-align: justify;\">\u00cen ordonan\u021ba procurorilor se arat\u0103 c\u0103, \u00een cauz\u0103, exist\u0103 date \u0219i probe care contureaz\u0103 urm\u0103toarea stare de fapt:<\/p>\n<p style=\"text-align: justify;\">\u00cen perioada 28 septembrie \u2013 30 decembrie 2022, inculpatul B\u00eez\u0103ran Mihai-C\u0103t\u0103lin, \u00een calitate de lucr\u0103tor de poli\u021bie judiciar\u0103 delegat s\u0103 efectueze activit\u0103\u021bi de urm\u0103rire penal\u0103 \u00eentr-un dosar aflat \u00een lucru la Parchetul de pe l\u00e2ng\u0103 \u00cenalta Curte de Casa\u021bie \u0219i Justi\u021bie (P.\u00ce.C.C.J), ar fi pretins de la o persoan\u0103 vizat\u0103 \u00een cauza respectiv\u0103, pentru s\u0103v\u00e2r\u0219irea unor infrac\u021biuni de evaziune fiscal\u0103 \u0219i delapidare, suma de 300.000 euro (200.000 euro pentru sine \u0219i 100.000 euro pentru un intermediar).<\/p>\n<p style=\"text-align: justify;\">Banii respectivi ar fi fost pretin\u0219i de inculpatul B\u00eez\u0103ran Mihai-C\u0103t\u0103lin \u00een schimbul promisiunii c\u0103:<\/p>\n<p style=\"text-align: justify;\">&#8211; acesta ar face cercet\u0103ri \u00eentr-un anume sens, astfel \u00eenc\u00e2t prejudiciul s\u0103 fie stabilit \u00eentr-un cuantum redus precum \u0219i pentru a propune o solu\u021bie de clasare \u00een cazul infrac\u021biunii de evaziune fiscal\u0103;<\/p>\n<p style=\"text-align: justify;\">&#8211; acesta ar interveni la procurorul de caz (asupra c\u0103ruia a l\u0103sat s\u0103 se \u00een\u021beleag\u0103 c\u0103 ar avea influen\u021b\u0103) astfel \u00eenc\u00e2t acesta din urm\u0103 s\u0103 dispun\u0103 solu\u021bia clas\u0103rii pentru infrac\u021biunea de evaziune fiscal\u0103 \u0219i s\u0103 \u00eencheie un acord de recunoa\u0219tere a vinov\u0103\u021biei cu persoana vizat\u0103 pentru infrac\u021biunea de delapidare.<\/p>\n<p style=\"text-align: justify;\">\u00cen acela\u0219i context, inculpatul B\u00eez\u0103ran Mihai-C\u0103t\u0103lin i-ar mai fi transmis aceleia\u0219i persoane informa\u021bii nedestinate publicit\u0103\u021bii din dosarul respectiv dar \u0219i cum se vor derula cercet\u0103rile \u00een continuare.<\/p>\n<p style=\"text-align: justify;\">\u00cen cauz\u0103 se efectueaz\u0103 acte de urm\u0103rire penal\u0103 \u0219i fa\u021b\u0103 de alte persoane.<\/p>\n<p style=\"text-align: justify;\">Inculpatului B\u00eez\u0103ran Mihai-C\u0103t\u0103lin i s-au adus la cuno\u0219tin\u021b\u0103 calitatea procesual\u0103 \u0219i acuza\u021biile, \u00een conformitate cu prevederile art. 309 Cod de procedur\u0103 penal\u0103.<\/p>\n<p style=\"text-align: justify;\">La data de 02 martie 2023, inculpatul urmeaz\u0103 s\u0103 fie prezentat Tribunalului Bucure\u0219ti cu propunere de arestare preventiv\u0103 pentru 30 de zile.<\/p>\n<p style=\"text-align: justify;\">\u00cen cauz\u0103, procurorii au beneficiat de sprijin din partea Direc\u021biei Generale Anticorup\u021bie.<\/p>\n<p style=\"text-align: justify;\">Facem precizarea c\u0103 punerea \u00een mi\u0219care a ac\u021biunii penale este o etap\u0103 a procesului penal reglementat\u0103 de Codul de procedur\u0103 penal\u0103, av\u00e2nd ca scop crearea cadrului procesual de administrare a probatoriului, activitate care nu poate, \u00een nici o situa\u021bie, s\u0103 \u00eenfr\u00e2ng\u0103 principiul prezum\u021biei de nevinov\u0103\u021bie.<\/p>\n<p style=\"text-align: justify;\">Men\u021bion\u0103m c\u0103 prezentul comunicat a fost \u00eentocmit \u00een conformitate cu art. 28 alin. 4 din Ghidul de bune practici privind rela\u021bia sistemului judiciar cu mass media, aprobat prin Hot\u0103r\u00e2rea Plenului Consiliului Superior al Magistraturii nr. 197\/2019.<\/p>\n<p style=\"text-align: center;\"><em><strong>BIROUL DE INFORMARE \u0218I RELA\u021aII PUBLICE<\/strong><\/em><\/p>\n","protected":false},"excerpt":{"rendered":"<p>Procurorii din cadrul Direc\u021biei Na\u021bionale Anticorup\u021bie &#8211; Sec\u021bia de combatere a corup\u021biei au dispus<\/p>\n","protected":false},"author":1,"featured_media":0,"comment_status":"open","ping_status":"open","sticky":false,"template":"","format":"standard","meta":{"footnotes":""},"categories":[6],"tags":[],"class_list":["post-96088","post","type-post","status-publish","format-standard","hentry","category-breaking-news"],"_links":{"self":[{"href":"https:\/\/www.giurgiuveanul.ro\/stiri\/wp-json\/wp\/v2\/posts\/96088","targetHints":{"allow":["GET"]}}],"collection":[{"href":"https:\/\/www.giurgiuveanul.ro\/stiri\/wp-json\/wp\/v2\/posts"}],"about":[{"href":"https:\/\/www.giurgiuveanul.ro\/stiri\/wp-json\/wp\/v2\/types\/post"}],"author":[{"embeddable":true,"href":"https:\/\/www.giurgiuveanul.ro\/stiri\/wp-json\/wp\/v2\/users\/1"}],"replies":[{"embeddable":true,"href":"https:\/\/www.giurgiuveanul.ro\/stiri\/wp-json\/wp\/v2\/comments?post=96088"}],"version-history":[{"count":0,"href":"https:\/\/www.giurgiuveanul.ro\/stiri\/wp-json\/wp\/v2\/posts\/96088\/revisions"}],"wp:attachment":[{"href":"https:\/\/www.giurgiuveanul.ro\/stiri\/wp-json\/wp\/v2\/media?parent=96088"}],"wp:term":[{"taxonomy":"category","embeddable":true,"href":"https:\/\/www.giurgiuveanul.ro\/stiri\/wp-json\/wp\/v2\/categories?post=96088"},{"taxonomy":"post_tag","embeddable":true,"href":"https:\/\/www.giurgiuveanul.ro\/stiri\/wp-json\/wp\/v2\/tags?post=96088"}],"curies":[{"name":"wp","href":"https:\/\/api.w.org\/{rel}","templated":true}]}}