{"id":97014,"date":"2023-04-10T16:50:51","date_gmt":"2023-04-10T13:50:51","guid":{"rendered":"https:\/\/www.giurgiuveanul.ro\/stiri\/?p=97014"},"modified":"2023-04-10T16:51:16","modified_gmt":"2023-04-10T13:51:16","slug":"o-noua-promotie-de-agenti-de-politie-incadrata-la-i-p-j-giurgiu-2","status":"publish","type":"post","link":"https:\/\/www.giurgiuveanul.ro\/stiri\/o-noua-promotie-de-agenti-de-politie-incadrata-la-i-p-j-giurgiu-2\/","title":{"rendered":"O nou\u0103 promo\u021bie de agen\u021bi de poli\u021bie, \u00eencadrat\u0103 la I.P.J. Giurgiu"},"content":{"rendered":"<p style=\"text-align: justify;\"><strong><a href=\"https:\/\/www.giurgiuveanul.ro\/stiri\/wp-content\/uploads\/2023\/04\/thumbnail-13.jpeg\"><img loading=\"lazy\" decoding=\"async\" class=\"aligncenter wp-image-97015\" src=\"https:\/\/www.giurgiuveanul.ro\/stiri\/wp-content\/uploads\/2023\/04\/thumbnail-13-533x450.jpeg\" alt=\"\" width=\"584\" height=\"493\" srcset=\"https:\/\/www.giurgiuveanul.ro\/stiri\/wp-content\/uploads\/2023\/04\/thumbnail-13-533x450.jpeg 533w, https:\/\/www.giurgiuveanul.ro\/stiri\/wp-content\/uploads\/2023\/04\/thumbnail-13-250x211.jpeg 250w, https:\/\/www.giurgiuveanul.ro\/stiri\/wp-content\/uploads\/2023\/04\/thumbnail-13-768x648.jpeg 768w, https:\/\/www.giurgiuveanul.ro\/stiri\/wp-content\/uploads\/2023\/04\/thumbnail-13-400x338.jpeg 400w, https:\/\/www.giurgiuveanul.ro\/stiri\/wp-content\/uploads\/2023\/04\/thumbnail-13.jpeg 1200w\" sizes=\"auto, (max-width: 584px) 100vw, 584px\" \/><\/a>Corpul agen\u021bilor de poli\u021bie, din cadrul Inspectoratului de Poli\u0163ie Jude\u021bean Giurgiu, s-a m\u0103rit cu<!--more--> 37 de agen\u021bi de poli\u021bie, absolven\u0163i ai \u0218colii de Agen\u021bi de Poli\u0163ie ,,Vasile Lasc\u0103r\u201d C\u00e2mpina (Prahova) promo\u021bia aprilie 2023, dup\u0103 ce ace\u0219tia au depus jur\u0103m\u00e2ntul de credin\u021b\u0103.<\/strong><\/p>\n<p style=\"text-align: justify;\">\u00cen func\u021bie de mediile ob\u021binute \u00een \u0219coala de poli\u021bie, proaspe\u021bii absolven\u021bi au fost repartiza\u021bi pe func\u021biile vacante disponibile, av\u00e2ndu-se \u00een vedere situa\u021bia operativ\u0103 \u00eenregistrat\u0103, precum \u0219i cre\u0219terea gradului de siguran\u021b\u0103 a cet\u0103\u021beanului.<\/p>\n<p style=\"text-align: justify;\">Astfel, agen\u021bii de poli\u021bie urmeaz\u0103 s\u0103-\u015fi desf\u0103\u015foare activitatea \u00een structurile de ordine public\u0103, investiga\u021bii criminale \u0219i rutier, \u00een cadrul subunit\u0103\u021bilor Inspectoratului de Poli\u0163ie Jude\u021bean Giurgiu.<\/p>\n<p style=\"text-align: justify;\">P\u00e2n\u0103 la terminarea perioadei de tutel\u0103, proaspe\u021bii absolven\u021bi vor beneficia de sprijinul colegilor cu experien\u021b\u0103 \u0219i vor fi implica\u021bi \u00een rezolvarea problemelor comunit\u0103\u021bii \u00een mijlocul c\u0103reia \u00ee\u0219i vor desf\u0103\u0219ura activitatea.<\/p>\n<p style=\"text-align: justify;\">\u00cen numele \u00eentregului colectiv al Inspectoratului de Poli\u021bie Jude\u021bean Giurgiu, conducerea Inspectoratului le ureaz\u0103\u00a0\u00a0<em>Bun Venit<\/em> noilor colegi \u0219i succes \u00een cariera de poli\u021bist, asigur\u00e2ndu-i de tot sprijinul\u00a0 de care vor avea nevoie, pentru a-\u0219i putea exercita \u00een mod corespunz\u0103tor misiunile \u00eencredin\u021bate, profesia aleas\u0103 fiind una captivant\u0103, plin\u0103 de provoc\u0103ri care implic\u0103 profesionalism, seriozitate, onestitate, fermitate \u0219i integritate.<\/p>\n<p style=\"text-align: justify;\"><strong><em>Le dorim succes \u00een carier\u0103!<\/em><\/strong><\/p>\n","protected":false},"excerpt":{"rendered":"<p>Corpul agen\u021bilor de poli\u021bie, din cadrul Inspectoratului de Poli\u0163ie Jude\u021bean Giurgiu, s-a m\u0103rit cu<\/p>\n","protected":false},"author":2,"featured_media":0,"comment_status":"open","ping_status":"open","sticky":false,"template":"","format":"standard","meta":{"footnotes":""},"categories":[6],"tags":[],"class_list":["post-97014","post","type-post","status-publish","format-standard","hentry","category-breaking-news"],"_links":{"self":[{"href":"https:\/\/www.giurgiuveanul.ro\/stiri\/wp-json\/wp\/v2\/posts\/97014","targetHints":{"allow":["GET"]}}],"collection":[{"href":"https:\/\/www.giurgiuveanul.ro\/stiri\/wp-json\/wp\/v2\/posts"}],"about":[{"href":"https:\/\/www.giurgiuveanul.ro\/stiri\/wp-json\/wp\/v2\/types\/post"}],"author":[{"embeddable":true,"href":"https:\/\/www.giurgiuveanul.ro\/stiri\/wp-json\/wp\/v2\/users\/2"}],"replies":[{"embeddable":true,"href":"https:\/\/www.giurgiuveanul.ro\/stiri\/wp-json\/wp\/v2\/comments?post=97014"}],"version-history":[{"count":0,"href":"https:\/\/www.giurgiuveanul.ro\/stiri\/wp-json\/wp\/v2\/posts\/97014\/revisions"}],"wp:attachment":[{"href":"https:\/\/www.giurgiuveanul.ro\/stiri\/wp-json\/wp\/v2\/media?parent=97014"}],"wp:term":[{"taxonomy":"category","embeddable":true,"href":"https:\/\/www.giurgiuveanul.ro\/stiri\/wp-json\/wp\/v2\/categories?post=97014"},{"taxonomy":"post_tag","embeddable":true,"href":"https:\/\/www.giurgiuveanul.ro\/stiri\/wp-json\/wp\/v2\/tags?post=97014"}],"curies":[{"name":"wp","href":"https:\/\/api.w.org\/{rel}","templated":true}]}}