{"id":97022,"date":"2023-04-11T15:43:43","date_gmt":"2023-04-11T12:43:43","guid":{"rendered":"https:\/\/www.giurgiuveanul.ro\/stiri\/?p=97022"},"modified":"2023-04-11T15:47:17","modified_gmt":"2023-04-11T12:47:17","slug":"sponsorizari-pentru-structurile-rezidentiale-ale-dgaspc-giurgiu","status":"publish","type":"post","link":"https:\/\/www.giurgiuveanul.ro\/stiri\/sponsorizari-pentru-structurile-rezidentiale-ale-dgaspc-giurgiu\/","title":{"rendered":"Sponsoriz\u0103ri pentru structurile reziden\u021biale ale DGASPC Giurgiu"},"content":{"rendered":"<p style=\"text-align: justify;\"><strong><a href=\"https:\/\/www.giurgiuveanul.ro\/stiri\/wp-content\/uploads\/2023\/04\/1.jpeg\"><img loading=\"lazy\" decoding=\"async\" class=\"aligncenter wp-image-97023\" src=\"https:\/\/www.giurgiuveanul.ro\/stiri\/wp-content\/uploads\/2023\/04\/1-560x420.jpeg\" alt=\"\" width=\"580\" height=\"435\" srcset=\"https:\/\/www.giurgiuveanul.ro\/stiri\/wp-content\/uploads\/2023\/04\/1-560x420.jpeg 560w, https:\/\/www.giurgiuveanul.ro\/stiri\/wp-content\/uploads\/2023\/04\/1-250x188.jpeg 250w, https:\/\/www.giurgiuveanul.ro\/stiri\/wp-content\/uploads\/2023\/04\/1-768x576.jpeg 768w, https:\/\/www.giurgiuveanul.ro\/stiri\/wp-content\/uploads\/2023\/04\/1-400x300.jpeg 400w, https:\/\/www.giurgiuveanul.ro\/stiri\/wp-content\/uploads\/2023\/04\/1.jpeg 1080w\" sizes=\"auto, (max-width: 580px) 100vw, 580px\" \/><\/a>\u00cen ultimele luni, Direc\u021bia General\u0103 de Asisten\u021b\u0103\u00a0 Social\u0103 \u0219i Protec\u021bia Copilului Giurgiu<!--more--> a primit sprijin din partea mai multor sponsori genero\u0219i, sponsoriz\u0103rile fiind f\u0103cute \u00een bani sau bunuri de consum.<\/strong><\/p>\n<p style=\"text-align: justify;\">Funda\u021bia \u201c<em>Nou<\/em><em>\u0103<\/em> <em>n<\/em><em>e<\/em> <em>pas<\/em><em>\u0103<\/em>\u201c\u00a0 a sponsorizat cu <strong>25.000 de lei<\/strong> D.G.A.S.P.C. Giurgiu, bani din care vor fi achizi\u021bionate materiale (parchet, gresie, faian\u021b\u0103, u\u0219i de interor) destinate\u00a0 renov\u0103rii \u00a0unor structuri de tip reziden\u021bial.<\/p>\n<p style=\"text-align: justify;\">\u00cencep\u00e2nd din luna februarie 2023,\u00a0 SC <em>D<\/em><em>&amp;<\/em><em>D <\/em><em>Ho<\/em><em>use<\/em> SRL a\u00a0 donat\u00a0 sute de kg de fructe lunar pentru beneficiarii de servicii sociale din \u00a0centrele reziden\u021biale din cadrul D.G.A.S.P.C. Giurgiu.<\/p>\n<p style=\"text-align: justify;\">Asocia\u021bia \u201c<em>Maria Holtzhauser<\/em>\u201c a donat aparatur\u0103 electrocasnic\u0103 de tip profesional \u00a0(cuptor gastronomic, mixer, chiuvet\u0103 cu accesorii incluse)\u00a0 pentru dotarea buc\u0103t\u0103riei Centrului pentru persoane v\u00e2rstnice Hotarele.<\/p>\n<p><a href=\"https:\/\/www.giurgiuveanul.ro\/stiri\/wp-content\/uploads\/2023\/04\/2.jpeg\"><img loading=\"lazy\" decoding=\"async\" class=\"aligncenter wp-image-97025\" src=\"https:\/\/www.giurgiuveanul.ro\/stiri\/wp-content\/uploads\/2023\/04\/2-416x450.jpeg\" alt=\"\" width=\"568\" height=\"614\" srcset=\"https:\/\/www.giurgiuveanul.ro\/stiri\/wp-content\/uploads\/2023\/04\/2-416x450.jpeg 416w, https:\/\/www.giurgiuveanul.ro\/stiri\/wp-content\/uploads\/2023\/04\/2-250x270.jpeg 250w, https:\/\/www.giurgiuveanul.ro\/stiri\/wp-content\/uploads\/2023\/04\/2-400x432.jpeg 400w, https:\/\/www.giurgiuveanul.ro\/stiri\/wp-content\/uploads\/2023\/04\/2.jpeg 768w\" sizes=\"auto, (max-width: 568px) 100vw, 568px\" \/><\/a> <a href=\"https:\/\/www.giurgiuveanul.ro\/stiri\/wp-content\/uploads\/2023\/04\/3.jpeg\"><img loading=\"lazy\" decoding=\"async\" class=\"aligncenter wp-image-97026\" src=\"https:\/\/www.giurgiuveanul.ro\/stiri\/wp-content\/uploads\/2023\/04\/3-560x444.jpeg\" alt=\"\" width=\"565\" height=\"448\" srcset=\"https:\/\/www.giurgiuveanul.ro\/stiri\/wp-content\/uploads\/2023\/04\/3-560x444.jpeg 560w, https:\/\/www.giurgiuveanul.ro\/stiri\/wp-content\/uploads\/2023\/04\/3-250x198.jpeg 250w, https:\/\/www.giurgiuveanul.ro\/stiri\/wp-content\/uploads\/2023\/04\/3-400x317.jpeg 400w, https:\/\/www.giurgiuveanul.ro\/stiri\/wp-content\/uploads\/2023\/04\/3.jpeg 768w\" sizes=\"auto, (max-width: 565px) 100vw, 565px\" \/><\/a> <a href=\"https:\/\/www.giurgiuveanul.ro\/stiri\/wp-content\/uploads\/2023\/04\/4.jpeg\"><img loading=\"lazy\" decoding=\"async\" class=\"aligncenter wp-image-97027\" src=\"https:\/\/www.giurgiuveanul.ro\/stiri\/wp-content\/uploads\/2023\/04\/4-407x450.jpeg\" alt=\"\" width=\"564\" height=\"623\" srcset=\"https:\/\/www.giurgiuveanul.ro\/stiri\/wp-content\/uploads\/2023\/04\/4-407x450.jpeg 407w, https:\/\/www.giurgiuveanul.ro\/stiri\/wp-content\/uploads\/2023\/04\/4-250x277.jpeg 250w, https:\/\/www.giurgiuveanul.ro\/stiri\/wp-content\/uploads\/2023\/04\/4-400x443.jpeg 400w, https:\/\/www.giurgiuveanul.ro\/stiri\/wp-content\/uploads\/2023\/04\/4.jpeg 460w\" sizes=\"auto, (max-width: 564px) 100vw, 564px\" \/><\/a> <a href=\"https:\/\/www.giurgiuveanul.ro\/stiri\/wp-content\/uploads\/2023\/04\/5.jpeg\"><img loading=\"lazy\" decoding=\"async\" class=\"aligncenter size-large wp-image-97028\" src=\"https:\/\/www.giurgiuveanul.ro\/stiri\/wp-content\/uploads\/2023\/04\/5-560x419.jpeg\" alt=\"\" width=\"560\" height=\"419\" srcset=\"https:\/\/www.giurgiuveanul.ro\/stiri\/wp-content\/uploads\/2023\/04\/5-560x419.jpeg 560w, https:\/\/www.giurgiuveanul.ro\/stiri\/wp-content\/uploads\/2023\/04\/5-250x187.jpeg 250w, https:\/\/www.giurgiuveanul.ro\/stiri\/wp-content\/uploads\/2023\/04\/5-768x575.jpeg 768w, https:\/\/www.giurgiuveanul.ro\/stiri\/wp-content\/uploads\/2023\/04\/5-400x300.jpeg 400w, https:\/\/www.giurgiuveanul.ro\/stiri\/wp-content\/uploads\/2023\/04\/5.jpeg 900w\" sizes=\"auto, (max-width: 560px) 100vw, 560px\" \/><\/a><\/p>\n<p style=\"text-align: justify;\">\u201c<em>C<\/em><em>entrel<\/em><em>e<\/em><em> reziden<\/em><em>\u021b<\/em><em>iale pentr<\/em><em>u<\/em><em> persoane adulte cu dizabilit\u0103\u021bi \u0219i centrele pentru persoane v\u00e2rstnice vor fi dotate cu obiecte de mobilier si accesorii pentru pat<\/em><em>;<\/em><em> de cur\u00e2nd,\u00a0 u<\/em><em>n spo<\/em><em>nsor<\/em><em> a<\/em><em>\u00a0 f\u0103cut o achizi\u021bie \u00een acest sens,\u00a0 \u00een valoare de aproximativ\u00a0 50 000 lei.<\/em><em>\u00a0 <\/em><em>De asemenea, <\/em><em>a<\/em><em>u<\/em> <em>\u00a0fost <\/em><em>\u00a0<\/em><em>donate saltele, canapele, fotolii \u0219<\/em><em>i l<\/em><em>\u0103<\/em><em>mpi<\/em><em> d<\/em><em>in partea<\/em><em> Complexului Hotelier Caro din Bucure\u0219ti.<\/em> <em>Le mul\u021bumesc t<\/em><em>uturor <\/em><em>sponsorilor\u00a0 care \u00een ultimele luni \u0219i-au \u00eendreptat aten\u021bia c\u0103tre Direc\u021bia General\u0103 de Asisten\u021b\u0103 Social\u0103 \u0219i Protec\u021bia Copilului Giurgiu, prin acordarea de\u00a0 sponsoriz\u0103ri\u00a0 structurilor reziden\u021biale pentru copii, adul\u021bi cu dizabilit\u0103\u021bi sau persoane v\u00e2rstnice<\/em><em>; a<\/em><em>ceste sponsoriz\u0103ri\u00a0 sunt binevenite pentru\u00a0 \u00eembun\u0103t\u0103\u021birea condi\u021biilor de cazare din structurile reziden\u021biale <\/em><em>ale<\/em><em> institu\u021biei, mai ales c\u0103 \u00een ultimii ani nu s-au f\u0103cut astfel de achizi\u021bii. Mul\u021bumesc de asemenea domnului europarlamentar Dan Motreanu \u0219i domnului senator Toma Petcu pentru c\u0103 s-au implicat \u00een vederea\u00a0 acord\u0103rii\u00a0 a trei dintre aceste spo<\/em><em>n<\/em><em>soriz\u0103ri<\/em>\u201c<em>,<\/em> a declarat Gheorghe Paraschiv, director general al D.G.A.S.P.C. Giurgiu.<\/p>\n<p style=\"text-align: justify;\">\u00a0 D.G.A.S.P.C. Giurgiu<\/p>\n","protected":false},"excerpt":{"rendered":"<p>\u00cen ultimele luni, Direc\u021bia General\u0103 de Asisten\u021b\u0103\u00a0 Social\u0103 \u0219i Protec\u021bia Copilului Giurgiu<\/p>\n","protected":false},"author":2,"featured_media":0,"comment_status":"open","ping_status":"open","sticky":false,"template":"","format":"standard","meta":{"footnotes":""},"categories":[6],"tags":[],"class_list":["post-97022","post","type-post","status-publish","format-standard","hentry","category-breaking-news"],"_links":{"self":[{"href":"https:\/\/www.giurgiuveanul.ro\/stiri\/wp-json\/wp\/v2\/posts\/97022","targetHints":{"allow":["GET"]}}],"collection":[{"href":"https:\/\/www.giurgiuveanul.ro\/stiri\/wp-json\/wp\/v2\/posts"}],"about":[{"href":"https:\/\/www.giurgiuveanul.ro\/stiri\/wp-json\/wp\/v2\/types\/post"}],"author":[{"embeddable":true,"href":"https:\/\/www.giurgiuveanul.ro\/stiri\/wp-json\/wp\/v2\/users\/2"}],"replies":[{"embeddable":true,"href":"https:\/\/www.giurgiuveanul.ro\/stiri\/wp-json\/wp\/v2\/comments?post=97022"}],"version-history":[{"count":0,"href":"https:\/\/www.giurgiuveanul.ro\/stiri\/wp-json\/wp\/v2\/posts\/97022\/revisions"}],"wp:attachment":[{"href":"https:\/\/www.giurgiuveanul.ro\/stiri\/wp-json\/wp\/v2\/media?parent=97022"}],"wp:term":[{"taxonomy":"category","embeddable":true,"href":"https:\/\/www.giurgiuveanul.ro\/stiri\/wp-json\/wp\/v2\/categories?post=97022"},{"taxonomy":"post_tag","embeddable":true,"href":"https:\/\/www.giurgiuveanul.ro\/stiri\/wp-json\/wp\/v2\/tags?post=97022"}],"curies":[{"name":"wp","href":"https:\/\/api.w.org\/{rel}","templated":true}]}}