{"id":97095,"date":"2023-04-14T14:40:57","date_gmt":"2023-04-14T11:40:57","guid":{"rendered":"https:\/\/www.giurgiuveanul.ro\/stiri\/?p=97095"},"modified":"2023-04-14T14:41:20","modified_gmt":"2023-04-14T11:41:20","slug":"isu-giurgiu-lumanarile-lasate-nesupravegheate-pericol-de-incendiu-3","status":"publish","type":"post","link":"https:\/\/www.giurgiuveanul.ro\/stiri\/isu-giurgiu-lumanarile-lasate-nesupravegheate-pericol-de-incendiu-3\/","title":{"rendered":"ISU Giurgiu. Lum\u00e2n\u0103rile l\u0103sate nesupravegheate, pericol de incendiu!"},"content":{"rendered":"<p style=\"text-align: justify;\"><strong><a href=\"https:\/\/www.giurgiuveanul.ro\/stiri\/wp-content\/uploads\/2023\/04\/339466511_258202389992844_9163521306241257399_n.jpg\"><img loading=\"lazy\" decoding=\"async\" class=\"aligncenter wp-image-97096\" src=\"https:\/\/www.giurgiuveanul.ro\/stiri\/wp-content\/uploads\/2023\/04\/339466511_258202389992844_9163521306241257399_n-418x450.jpg\" alt=\"\" width=\"563\" height=\"606\" srcset=\"https:\/\/www.giurgiuveanul.ro\/stiri\/wp-content\/uploads\/2023\/04\/339466511_258202389992844_9163521306241257399_n-418x450.jpg 418w, https:\/\/www.giurgiuveanul.ro\/stiri\/wp-content\/uploads\/2023\/04\/339466511_258202389992844_9163521306241257399_n-250x269.jpg 250w, https:\/\/www.giurgiuveanul.ro\/stiri\/wp-content\/uploads\/2023\/04\/339466511_258202389992844_9163521306241257399_n-400x431.jpg 400w, https:\/\/www.giurgiuveanul.ro\/stiri\/wp-content\/uploads\/2023\/04\/339466511_258202389992844_9163521306241257399_n.jpg 743w\" sizes=\"auto, (max-width: 563px) 100vw, 563px\" \/><\/a>\u00cen Noaptea de \u00cenviere \u015fi de Pa\u015fte<!--more--> credincio\u0219ii vor aprinde lum\u00e2n\u0103ri sau candele \u00een locuin\u0163e. Pentru ca aceste s\u0103rb\u0103tori s\u0103 fie petrecute f\u0103r\u0103 incidente, Inspectoratul pentru Situa\u0163ii de Urgen\u0163\u0103 \u201cVla\u0219ca\u201d al Jude\u0163ului Giurgiu recomand\u0103 respectarea urm\u0103toarelor m\u0103suri de ap\u0103rare \u00eempotriva incendiilor:<\/strong><\/p>\n<p style=\"text-align: justify;\">\uf0fc\u00a0\u00a0\u00a0\u00a0\u00a0 asigura\u021bi-v\u0103 c\u0103 lum\u00e2narea se afl\u0103 \u00een pozi\u0163ie vertical\u0103 \u015fi c\u0103 este fixat\u0103 \u00eentr-un suport special destinat, astfel \u00eenc\u00e2t s\u0103 nu cad\u0103 sau s\u0103 curg\u0103 pic\u0103turi de cear\u0103 fierbinte;<\/p>\n<p style=\"text-align: justify;\">\uf0fc\u00a0\u00a0\u00a0\u00a0\u00a0 nu l\u0103sa\u021bi lum\u00e2n\u0103rile aprinse dac\u0103 trebuie s\u0103 p\u0103r\u0103si\u0163i \u00eenc\u0103perea. Cel mai bine este s\u0103 le stinge\u0163i pentru a evita producerea unui incendiu \u00een lipsa dumneavoastr\u0103;<\/p>\n<p style=\"text-align: justify;\">\uf0fc\u00a0\u00a0\u00a0\u00a0\u00a0 amplasa\u021bi \u00eentotdeauna lum\u00e2n\u0103rile pe o suprafa\u0163\u0103 neted\u0103 rezistent\u0103 la c\u0103ldur\u0103;<\/p>\n<p style=\"text-align: justify;\">\uf0fc\u00a0\u00a0\u00a0\u00a0\u00a0 nu v\u0103 apleca\u021bi deasupra lum\u00e2n\u0103rilor: s-ar putea s\u0103 v\u0103 ia foc p\u0103rul sau hainele;<\/p>\n<p style=\"text-align: justify;\">\uf0fc\u00a0\u00a0\u00a0\u00a0\u00a0 nu amplasa\u021bi lum\u00e2n\u0103rile aprinse foarte aproape de tot ceea ce se poate aprinde u\u015for (mobilier, perdele, ziare etc.) sau \u00een locuri unde pot ajunge copiii mici \u015fi animalele de companie, pentru a nu le r\u0103sturna \u015fi provoca incendii;<\/p>\n<p style=\"text-align: justify;\">\uf0fc\u00a0\u00a0\u00a0\u00a0\u00a0 stinge\u021bi \u00eentotdeauna lum\u00e2n\u0103rile \u00eenainte de a le muta;<\/p>\n<p style=\"text-align: justify;\">\uf0fc\u00a0\u00a0\u00a0\u00a0\u00a0 nu adormi\u0163i cu lum\u00e2n\u0103rile aprinse.<\/p>\n<p style=\"text-align: justify;\">Preciz\u0103m faptul c\u0103 \u00een perioada iunie 2022 &#8211; martie 2023 \u00een zona de responsabilitate a inspectoratului s-au produs \u0219apte incendii din cauza lum\u00e2n\u0103rilor l\u0103sate nesupravegheate.<\/p>\n<p style=\"text-align: justify;\">Reamintim c\u0103 \u00een perioada S\u0103rb\u0103torilor Pascale, aproximativ 300 de pompieri vor fi la datorie, \u00een jude\u021bul Giurgiu. Zilnic, echipajele ISU vor fi preg\u0103tite s\u0103 intervin\u0103 pentru stingerea incendiilor, salvarea persoanelor sau a animalelor din medii ostile vie\u021bii \u0219i acordarea asisten\u021bei medicale de urgen\u021b\u0103.<\/p>\n","protected":false},"excerpt":{"rendered":"<p>\u00cen Noaptea de \u00cenviere \u015fi de Pa\u015fte<\/p>\n","protected":false},"author":2,"featured_media":0,"comment_status":"open","ping_status":"open","sticky":false,"template":"","format":"standard","meta":{"footnotes":""},"categories":[6],"tags":[],"class_list":["post-97095","post","type-post","status-publish","format-standard","hentry","category-breaking-news"],"_links":{"self":[{"href":"https:\/\/www.giurgiuveanul.ro\/stiri\/wp-json\/wp\/v2\/posts\/97095","targetHints":{"allow":["GET"]}}],"collection":[{"href":"https:\/\/www.giurgiuveanul.ro\/stiri\/wp-json\/wp\/v2\/posts"}],"about":[{"href":"https:\/\/www.giurgiuveanul.ro\/stiri\/wp-json\/wp\/v2\/types\/post"}],"author":[{"embeddable":true,"href":"https:\/\/www.giurgiuveanul.ro\/stiri\/wp-json\/wp\/v2\/users\/2"}],"replies":[{"embeddable":true,"href":"https:\/\/www.giurgiuveanul.ro\/stiri\/wp-json\/wp\/v2\/comments?post=97095"}],"version-history":[{"count":0,"href":"https:\/\/www.giurgiuveanul.ro\/stiri\/wp-json\/wp\/v2\/posts\/97095\/revisions"}],"wp:attachment":[{"href":"https:\/\/www.giurgiuveanul.ro\/stiri\/wp-json\/wp\/v2\/media?parent=97095"}],"wp:term":[{"taxonomy":"category","embeddable":true,"href":"https:\/\/www.giurgiuveanul.ro\/stiri\/wp-json\/wp\/v2\/categories?post=97095"},{"taxonomy":"post_tag","embeddable":true,"href":"https:\/\/www.giurgiuveanul.ro\/stiri\/wp-json\/wp\/v2\/tags?post=97095"}],"curies":[{"name":"wp","href":"https:\/\/api.w.org\/{rel}","templated":true}]}}