{"id":97105,"date":"2023-04-15T10:52:20","date_gmt":"2023-04-15T07:52:20","guid":{"rendered":"https:\/\/www.giurgiuveanul.ro\/stiri\/?p=97105"},"modified":"2023-04-15T10:56:27","modified_gmt":"2023-04-15T07:56:27","slug":"politia-orasului-bolintin-vale-din-suflet-pentru-suflete","status":"publish","type":"post","link":"https:\/\/www.giurgiuveanul.ro\/stiri\/politia-orasului-bolintin-vale-din-suflet-pentru-suflete\/","title":{"rendered":"Poli\u0163ia ora\u015fului Bolintin-Vale: DIN SUFLET, PENTRU SUFLETE!"},"content":{"rendered":"<p style=\"text-align: justify;\"><strong><a href=\"https:\/\/www.giurgiuveanul.ro\/stiri\/wp-content\/uploads\/2023\/04\/1-1.jpeg\"><img loading=\"lazy\" decoding=\"async\" class=\"aligncenter wp-image-97106\" src=\"https:\/\/www.giurgiuveanul.ro\/stiri\/wp-content\/uploads\/2023\/04\/1-1-560x249.jpeg\" alt=\"\" width=\"580\" height=\"258\" srcset=\"https:\/\/www.giurgiuveanul.ro\/stiri\/wp-content\/uploads\/2023\/04\/1-1-560x249.jpeg 560w, https:\/\/www.giurgiuveanul.ro\/stiri\/wp-content\/uploads\/2023\/04\/1-1-250x111.jpeg 250w, https:\/\/www.giurgiuveanul.ro\/stiri\/wp-content\/uploads\/2023\/04\/1-1-768x342.jpeg 768w, https:\/\/www.giurgiuveanul.ro\/stiri\/wp-content\/uploads\/2023\/04\/1-1-400x178.jpeg 400w, https:\/\/www.giurgiuveanul.ro\/stiri\/wp-content\/uploads\/2023\/04\/1-1.jpeg 919w\" sizes=\"auto, (max-width: 580px) 100vw, 580px\" \/><\/a>\u00cen apropierea Sfintelor S\u0103rb\u0103tori Pascale, poli\u021bi\u0219tii din cadrul Poli\u021biei ora\u0219ului Bolintin-Vale au<!--more--> vrut s\u0103 fie al\u0103turi de persoanele nevoia\u0219e, pentru a le face s\u0103rb\u0103torile mai frumoase.<\/strong><\/p>\n<p><a href=\"https:\/\/www.giurgiuveanul.ro\/stiri\/wp-content\/uploads\/2023\/04\/4-1.jpeg\"><img loading=\"lazy\" decoding=\"async\" class=\"aligncenter wp-image-97111\" src=\"https:\/\/www.giurgiuveanul.ro\/stiri\/wp-content\/uploads\/2023\/04\/4-1-437x450.jpeg\" alt=\"\" width=\"572\" height=\"589\" srcset=\"https:\/\/www.giurgiuveanul.ro\/stiri\/wp-content\/uploads\/2023\/04\/4-1-437x450.jpeg 437w, https:\/\/www.giurgiuveanul.ro\/stiri\/wp-content\/uploads\/2023\/04\/4-1-250x257.jpeg 250w, https:\/\/www.giurgiuveanul.ro\/stiri\/wp-content\/uploads\/2023\/04\/4-1-768x790.jpeg 768w, https:\/\/www.giurgiuveanul.ro\/stiri\/wp-content\/uploads\/2023\/04\/4-1-400x411.jpeg 400w, https:\/\/www.giurgiuveanul.ro\/stiri\/wp-content\/uploads\/2023\/04\/4-1.jpeg 1080w\" sizes=\"auto, (max-width: 572px) 100vw, 572px\" \/><\/a> <a href=\"https:\/\/www.giurgiuveanul.ro\/stiri\/wp-content\/uploads\/2023\/04\/5-1.jpeg\"><img loading=\"lazy\" decoding=\"async\" class=\"aligncenter wp-image-97113\" src=\"https:\/\/www.giurgiuveanul.ro\/stiri\/wp-content\/uploads\/2023\/04\/5-1-479x450.jpeg\" alt=\"\" width=\"567\" height=\"532\" srcset=\"https:\/\/www.giurgiuveanul.ro\/stiri\/wp-content\/uploads\/2023\/04\/5-1-479x450.jpeg 479w, https:\/\/www.giurgiuveanul.ro\/stiri\/wp-content\/uploads\/2023\/04\/5-1-250x235.jpeg 250w, https:\/\/www.giurgiuveanul.ro\/stiri\/wp-content\/uploads\/2023\/04\/5-1-768x722.jpeg 768w, https:\/\/www.giurgiuveanul.ro\/stiri\/wp-content\/uploads\/2023\/04\/5-1-400x376.jpeg 400w, https:\/\/www.giurgiuveanul.ro\/stiri\/wp-content\/uploads\/2023\/04\/5-1.jpeg 1080w\" sizes=\"auto, (max-width: 567px) 100vw, 567px\" \/><\/a><\/p>\n<p style=\"text-align: justify;\">La data de 14 aprilie a.c., colegii no\u0219tri au reu\u0219it s\u0103 se mobilizeze \u0219i s\u0103 aduc\u0103 un z\u00e2mbet \u0219i un strop de fericire pe chipurile a trei familii din localit\u0103\u021bile Bolintin-Vale, Crivina \u0219i Malu Spart din jude\u021bul Giurgiu, dup\u0103 ce au \u00eemp\u0103r\u021bit mai multe pachete cu alimente \u0219i cadouri.<\/p>\n<p><a href=\"https:\/\/www.giurgiuveanul.ro\/stiri\/wp-content\/uploads\/2023\/04\/2-1.jpeg\"><img loading=\"lazy\" decoding=\"async\" class=\"aligncenter wp-image-97108\" src=\"https:\/\/www.giurgiuveanul.ro\/stiri\/wp-content\/uploads\/2023\/04\/2-1-560x445.jpeg\" alt=\"\" width=\"576\" height=\"458\" srcset=\"https:\/\/www.giurgiuveanul.ro\/stiri\/wp-content\/uploads\/2023\/04\/2-1-560x445.jpeg 560w, https:\/\/www.giurgiuveanul.ro\/stiri\/wp-content\/uploads\/2023\/04\/2-1-250x198.jpeg 250w, https:\/\/www.giurgiuveanul.ro\/stiri\/wp-content\/uploads\/2023\/04\/2-1-768x610.jpeg 768w, https:\/\/www.giurgiuveanul.ro\/stiri\/wp-content\/uploads\/2023\/04\/2-1-400x318.jpeg 400w, https:\/\/www.giurgiuveanul.ro\/stiri\/wp-content\/uploads\/2023\/04\/2-1.jpeg 800w\" sizes=\"auto, (max-width: 576px) 100vw, 576px\" \/><\/a> <a href=\"https:\/\/www.giurgiuveanul.ro\/stiri\/wp-content\/uploads\/2023\/04\/3-1.jpeg\"><img loading=\"lazy\" decoding=\"async\" class=\"aligncenter wp-image-97109\" src=\"https:\/\/www.giurgiuveanul.ro\/stiri\/wp-content\/uploads\/2023\/04\/3-1-534x450.jpeg\" alt=\"\" width=\"571\" height=\"481\" srcset=\"https:\/\/www.giurgiuveanul.ro\/stiri\/wp-content\/uploads\/2023\/04\/3-1-534x450.jpeg 534w, https:\/\/www.giurgiuveanul.ro\/stiri\/wp-content\/uploads\/2023\/04\/3-1-250x211.jpeg 250w, https:\/\/www.giurgiuveanul.ro\/stiri\/wp-content\/uploads\/2023\/04\/3-1-768x647.jpeg 768w, https:\/\/www.giurgiuveanul.ro\/stiri\/wp-content\/uploads\/2023\/04\/3-1-400x337.jpeg 400w, https:\/\/www.giurgiuveanul.ro\/stiri\/wp-content\/uploads\/2023\/04\/3-1.jpeg 943w\" sizes=\"auto, (max-width: 571px) 100vw, 571px\" \/><\/a><\/p>\n<p style=\"text-align: justify;\">De\u0219i modeste, cele trei familii \u00ee\u0219i cresc copiii a\u0219a cum pot mai bine, oferindu-le cele mai de pre\u021b lucruri: bun\u0103tate, \u00eencredere \u00een sine \u0219i mult\u0103 dragoste p\u0103rinteasc\u0103.<\/p>\n<p style=\"text-align: justify;\">Vizibil emo\u021biona\u021bi, at\u00e2t p\u0103rin\u021bii, bunicii \u0219i copii au primit cu bucurie vizita colegilor no\u0219tri, mul\u021bumindu-le sincer, cei mici r\u0103spl\u0103tindu-i \u0219i cu \u00eembr\u0103\u021bi\u0219\u0103ri c\u0103lduroase.<\/p>\n<p style=\"text-align: center;\"><strong><em>IPJ Giurgiu<\/em><\/strong><\/p>\n","protected":false},"excerpt":{"rendered":"<p>\u00cen apropierea Sfintelor S\u0103rb\u0103tori Pascale, poli\u021bi\u0219tii din cadrul Poli\u021biei ora\u0219ului Bolintin-Vale au<\/p>\n","protected":false},"author":2,"featured_media":0,"comment_status":"open","ping_status":"open","sticky":false,"template":"","format":"standard","meta":{"footnotes":""},"categories":[6],"tags":[],"class_list":["post-97105","post","type-post","status-publish","format-standard","hentry","category-breaking-news"],"_links":{"self":[{"href":"https:\/\/www.giurgiuveanul.ro\/stiri\/wp-json\/wp\/v2\/posts\/97105","targetHints":{"allow":["GET"]}}],"collection":[{"href":"https:\/\/www.giurgiuveanul.ro\/stiri\/wp-json\/wp\/v2\/posts"}],"about":[{"href":"https:\/\/www.giurgiuveanul.ro\/stiri\/wp-json\/wp\/v2\/types\/post"}],"author":[{"embeddable":true,"href":"https:\/\/www.giurgiuveanul.ro\/stiri\/wp-json\/wp\/v2\/users\/2"}],"replies":[{"embeddable":true,"href":"https:\/\/www.giurgiuveanul.ro\/stiri\/wp-json\/wp\/v2\/comments?post=97105"}],"version-history":[{"count":0,"href":"https:\/\/www.giurgiuveanul.ro\/stiri\/wp-json\/wp\/v2\/posts\/97105\/revisions"}],"wp:attachment":[{"href":"https:\/\/www.giurgiuveanul.ro\/stiri\/wp-json\/wp\/v2\/media?parent=97105"}],"wp:term":[{"taxonomy":"category","embeddable":true,"href":"https:\/\/www.giurgiuveanul.ro\/stiri\/wp-json\/wp\/v2\/categories?post=97105"},{"taxonomy":"post_tag","embeddable":true,"href":"https:\/\/www.giurgiuveanul.ro\/stiri\/wp-json\/wp\/v2\/tags?post=97105"}],"curies":[{"name":"wp","href":"https:\/\/api.w.org\/{rel}","templated":true}]}}