{"id":97128,"date":"2023-04-15T14:48:32","date_gmt":"2023-04-15T11:48:32","guid":{"rendered":"https:\/\/www.giurgiuveanul.ro\/stiri\/?p=97128"},"modified":"2023-04-15T14:51:31","modified_gmt":"2023-04-15T11:51:31","slug":"redactia-giurgiuveanul-va-ureaza-un-pasti-fericit-2","status":"publish","type":"post","link":"https:\/\/www.giurgiuveanul.ro\/stiri\/redactia-giurgiuveanul-va-ureaza-un-pasti-fericit-2\/","title":{"rendered":"Redac\u021bia \u201eGiurgiuveanul\u201d v\u0103 ureaz\u0103 un Pa\u015fti Fericit!"},"content":{"rendered":"<p style=\"text-align: center;\"><a href=\"https:\/\/www.giurgiuveanul.ro\/stiri\/wp-content\/uploads\/2023\/04\/Calendar-ortodox-2-mai-2021.jpg\"><img loading=\"lazy\" decoding=\"async\" class=\"aligncenter wp-image-97129\" src=\"https:\/\/www.giurgiuveanul.ro\/stiri\/wp-content\/uploads\/2023\/04\/Calendar-ortodox-2-mai-2021-560x373.jpg\" alt=\"\" width=\"577\" height=\"384\" srcset=\"https:\/\/www.giurgiuveanul.ro\/stiri\/wp-content\/uploads\/2023\/04\/Calendar-ortodox-2-mai-2021-560x373.jpg 560w, https:\/\/www.giurgiuveanul.ro\/stiri\/wp-content\/uploads\/2023\/04\/Calendar-ortodox-2-mai-2021-250x167.jpg 250w, https:\/\/www.giurgiuveanul.ro\/stiri\/wp-content\/uploads\/2023\/04\/Calendar-ortodox-2-mai-2021-768x512.jpg 768w, https:\/\/www.giurgiuveanul.ro\/stiri\/wp-content\/uploads\/2023\/04\/Calendar-ortodox-2-mai-2021-400x267.jpg 400w, https:\/\/www.giurgiuveanul.ro\/stiri\/wp-content\/uploads\/2023\/04\/Calendar-ortodox-2-mai-2021.jpg 1200w\" sizes=\"auto, (max-width: 577px) 100vw, 577px\" \/><\/a>\u00cen pragul Sfintelor S\u0103rb\u0103tori Pascale,<!--more--><\/p>\n<p style=\"text-align: center;\"><strong>V\u0102 MUL\u0162UMIM<\/strong><\/p>\n<p style=\"text-align: center;\">c\u0103 sunte\u0163i al\u0103turi de noi \u015fi ne citi\u0163i \u00een fiecare zi.<\/p>\n<p style=\"text-align: center;\">V\u0103 dorim tuturor multe bucurii \u015fi prosperitate.<\/p>\n<p style=\"text-align: center;\">Fie ca S\u0103rb\u0103torile Pascale \u015fi Miracolul \u00cenvierii<\/p>\n<p style=\"text-align: center;\">s\u0103 v\u0103 g\u0103seasc\u0103 ferici\u0163i.<\/p>\n<p style=\"text-align: center;\">V\u0103 ur\u0103m un Pa\u015fti Fericit al\u0103turi de cei dragi!<\/p>\n<p style=\"text-align: center;\"><strong>Hristos a \u00cenviat!<\/strong><\/p>\n","protected":false},"excerpt":{"rendered":"<p>\u00cen pragul Sfintelor S\u0103rb\u0103tori Pascale,<\/p>\n","protected":false},"author":2,"featured_media":0,"comment_status":"open","ping_status":"open","sticky":false,"template":"","format":"standard","meta":{"footnotes":""},"categories":[6],"tags":[],"class_list":["post-97128","post","type-post","status-publish","format-standard","hentry","category-breaking-news"],"_links":{"self":[{"href":"https:\/\/www.giurgiuveanul.ro\/stiri\/wp-json\/wp\/v2\/posts\/97128","targetHints":{"allow":["GET"]}}],"collection":[{"href":"https:\/\/www.giurgiuveanul.ro\/stiri\/wp-json\/wp\/v2\/posts"}],"about":[{"href":"https:\/\/www.giurgiuveanul.ro\/stiri\/wp-json\/wp\/v2\/types\/post"}],"author":[{"embeddable":true,"href":"https:\/\/www.giurgiuveanul.ro\/stiri\/wp-json\/wp\/v2\/users\/2"}],"replies":[{"embeddable":true,"href":"https:\/\/www.giurgiuveanul.ro\/stiri\/wp-json\/wp\/v2\/comments?post=97128"}],"version-history":[{"count":0,"href":"https:\/\/www.giurgiuveanul.ro\/stiri\/wp-json\/wp\/v2\/posts\/97128\/revisions"}],"wp:attachment":[{"href":"https:\/\/www.giurgiuveanul.ro\/stiri\/wp-json\/wp\/v2\/media?parent=97128"}],"wp:term":[{"taxonomy":"category","embeddable":true,"href":"https:\/\/www.giurgiuveanul.ro\/stiri\/wp-json\/wp\/v2\/categories?post=97128"},{"taxonomy":"post_tag","embeddable":true,"href":"https:\/\/www.giurgiuveanul.ro\/stiri\/wp-json\/wp\/v2\/tags?post=97128"}],"curies":[{"name":"wp","href":"https:\/\/api.w.org\/{rel}","templated":true}]}}