{"id":97133,"date":"2023-04-15T15:40:05","date_gmt":"2023-04-15T12:40:05","guid":{"rendered":"https:\/\/www.giurgiuveanul.ro\/stiri\/?p=97133"},"modified":"2023-04-15T15:40:23","modified_gmt":"2023-04-15T12:40:23","slug":"florentina-stanculescu-prefectul-judetului-giurgiu-mesaj-de-sfintele-pasti","status":"publish","type":"post","link":"https:\/\/www.giurgiuveanul.ro\/stiri\/florentina-stanculescu-prefectul-judetului-giurgiu-mesaj-de-sfintele-pasti\/","title":{"rendered":"Florentina St\u0103nculescu, prefectul Jude\u0163ului Giurgiu, mesaj de Sfintele Pa\u015fti!"},"content":{"rendered":"<p style=\"text-align: justify;\"><a href=\"https:\/\/www.giurgiuveanul.ro\/stiri\/wp-content\/uploads\/2023\/04\/florentina-stanculescu.jpg\"><img loading=\"lazy\" decoding=\"async\" class=\"aligncenter wp-image-97134\" src=\"https:\/\/www.giurgiuveanul.ro\/stiri\/wp-content\/uploads\/2023\/04\/florentina-stanculescu-524x450.jpg\" alt=\"\" width=\"574\" height=\"493\" srcset=\"https:\/\/www.giurgiuveanul.ro\/stiri\/wp-content\/uploads\/2023\/04\/florentina-stanculescu-524x450.jpg 524w, https:\/\/www.giurgiuveanul.ro\/stiri\/wp-content\/uploads\/2023\/04\/florentina-stanculescu-250x215.jpg 250w, https:\/\/www.giurgiuveanul.ro\/stiri\/wp-content\/uploads\/2023\/04\/florentina-stanculescu-768x660.jpg 768w, https:\/\/www.giurgiuveanul.ro\/stiri\/wp-content\/uploads\/2023\/04\/florentina-stanculescu-400x344.jpg 400w, https:\/\/www.giurgiuveanul.ro\/stiri\/wp-content\/uploads\/2023\/04\/florentina-stanculescu.jpg 900w\" sizes=\"auto, (max-width: 574px) 100vw, 574px\" \/><\/a>Sfintele S\u0103rb\u0103tori de Pa\u0219te<!--more--> ne ofer\u0103 prilejul de a ne bucura de momentul sacru al \u00cenvierii Domnului, dar \u0219i de a pre\u021bui mai mult ca oric\u00e2nd inestimabilele valori spirituale ce str\u0103lucesc \u00een sufletul oric\u0103rui cre\u0219tin.<\/p>\n<p style=\"text-align: justify;\">V\u0103 dorim ca Minunea Sf\u00e2nt\u0103 a \u00cenvierii s\u0103 v\u0103 binecuv\u00e2nteze sufletele cu lini\u0219te, iubire \u0219i bucurie, iar credin\u021ba \u0219i n\u0103zuin\u021ba spre tot ce-i mai bun \u0219i mai frumos s\u0103 nu fie pierdute niciodat\u0103, indiferent de duritatea provoc\u0103rilor vie\u021bii.<\/p>\n<p style=\"text-align: justify;\">Hristos a \u00cenviat!<\/p>\n","protected":false},"excerpt":{"rendered":"<p>Sfintele S\u0103rb\u0103tori de Pa\u0219te<\/p>\n","protected":false},"author":2,"featured_media":0,"comment_status":"open","ping_status":"open","sticky":false,"template":"","format":"standard","meta":{"footnotes":""},"categories":[6],"tags":[],"class_list":["post-97133","post","type-post","status-publish","format-standard","hentry","category-breaking-news"],"_links":{"self":[{"href":"https:\/\/www.giurgiuveanul.ro\/stiri\/wp-json\/wp\/v2\/posts\/97133","targetHints":{"allow":["GET"]}}],"collection":[{"href":"https:\/\/www.giurgiuveanul.ro\/stiri\/wp-json\/wp\/v2\/posts"}],"about":[{"href":"https:\/\/www.giurgiuveanul.ro\/stiri\/wp-json\/wp\/v2\/types\/post"}],"author":[{"embeddable":true,"href":"https:\/\/www.giurgiuveanul.ro\/stiri\/wp-json\/wp\/v2\/users\/2"}],"replies":[{"embeddable":true,"href":"https:\/\/www.giurgiuveanul.ro\/stiri\/wp-json\/wp\/v2\/comments?post=97133"}],"version-history":[{"count":0,"href":"https:\/\/www.giurgiuveanul.ro\/stiri\/wp-json\/wp\/v2\/posts\/97133\/revisions"}],"wp:attachment":[{"href":"https:\/\/www.giurgiuveanul.ro\/stiri\/wp-json\/wp\/v2\/media?parent=97133"}],"wp:term":[{"taxonomy":"category","embeddable":true,"href":"https:\/\/www.giurgiuveanul.ro\/stiri\/wp-json\/wp\/v2\/categories?post=97133"},{"taxonomy":"post_tag","embeddable":true,"href":"https:\/\/www.giurgiuveanul.ro\/stiri\/wp-json\/wp\/v2\/tags?post=97133"}],"curies":[{"name":"wp","href":"https:\/\/api.w.org\/{rel}","templated":true}]}}