{"id":97137,"date":"2023-04-15T15:44:20","date_gmt":"2023-04-15T12:44:20","guid":{"rendered":"https:\/\/www.giurgiuveanul.ro\/stiri\/?p=97137"},"modified":"2023-04-15T16:15:20","modified_gmt":"2023-04-15T13:15:20","slug":"deputat-marian-mina-presedintele-psd-giurgiu-mesaj-de-sfintele-pasti-2","status":"publish","type":"post","link":"https:\/\/www.giurgiuveanul.ro\/stiri\/deputat-marian-mina-presedintele-psd-giurgiu-mesaj-de-sfintele-pasti-2\/","title":{"rendered":"Deputat Marian Mina, pre\u015fedinte PSD Giurgiu, mesaj de Sfintele Pa\u015fti!"},"content":{"rendered":"<p style=\"text-align: justify;\"><a href=\"https:\/\/www.giurgiuveanul.ro\/stiri\/wp-content\/uploads\/2023\/04\/Marian-Mina.jpg\"><img loading=\"lazy\" decoding=\"async\" class=\"aligncenter wp-image-97138\" src=\"https:\/\/www.giurgiuveanul.ro\/stiri\/wp-content\/uploads\/2023\/04\/Marian-Mina-560x378.jpg\" alt=\"\" width=\"572\" height=\"386\" srcset=\"https:\/\/www.giurgiuveanul.ro\/stiri\/wp-content\/uploads\/2023\/04\/Marian-Mina-560x378.jpg 560w, https:\/\/www.giurgiuveanul.ro\/stiri\/wp-content\/uploads\/2023\/04\/Marian-Mina-250x169.jpg 250w, https:\/\/www.giurgiuveanul.ro\/stiri\/wp-content\/uploads\/2023\/04\/Marian-Mina-768x518.jpg 768w, https:\/\/www.giurgiuveanul.ro\/stiri\/wp-content\/uploads\/2023\/04\/Marian-Mina-1536x1036.jpg 1536w, https:\/\/www.giurgiuveanul.ro\/stiri\/wp-content\/uploads\/2023\/04\/Marian-Mina-400x270.jpg 400w, https:\/\/www.giurgiuveanul.ro\/stiri\/wp-content\/uploads\/2023\/04\/Marian-Mina.jpg 1600w\" sizes=\"auto, (max-width: 572px) 100vw, 572px\" \/><\/a>Chiar dac\u0103 la noi, la rom\u00e2ni, pe vremea<!--more-->c\u00e2nd eram copil, Pa\u015ftele nu era despre daruri materiale, abia a\u015fteptam Noaptea de \u00cenviere. Era emo\u0163ia aceea puternic\u0103 \u015fi bucuria de a fi al\u0103turi de cei dragi, la Biseric\u0103, pentru a lua Lumin\u0103 \u015fi pentru a c\u00e2nta \u00eempreun\u0103 \u201eHristos a \u00cenviat din mor\u0163i, cu moartea pe moarte c\u0103lc\u00e2nd\u201d.<\/p>\n<p style=\"text-align: justify;\">Sentimentul acela nu poate fi uitat, a\u015fa cum nu cred c\u0103 o s\u0103 uit\u0103m prea cur\u00e2nd nici cei 2 ani de pandemie \u00een care am fost nevoi\u0163i s\u0103 ascult\u0103m slujba de \u00cenviere, de la geamul casei noastre. A fost ca o lec\u0163ie din care am \u00eenv\u0103\u0163at c\u00e2t este de important, pentru suflet, s\u0103 respect\u0103m aceast\u0103 tradi\u0163ie sf\u00e2nt\u0103.<\/p>\n<p style=\"text-align: justify;\">De aceea, m\u0103 bucur din nou, ca \u00een copil\u0103rie dac\u0103 vre\u0163i, c\u0103 pot merge la Biseric\u0103, al\u0103turi de cei dragi, s\u0103 iau Lumin\u0103 \u015fi s\u0103 s\u0103rb\u0103toresc a\u015fa cum se cuvine \u00cenvierea Domnului.<\/p>\n<p style=\"text-align: justify;\">Asta v\u0103 doresc \u015fi vou\u0103, dragi prieteni, s\u0103 v\u0103 bucura\u0163i cu tot sufletul de S\u0103rb\u0103torile Pascale, s\u0103 fi\u0163i s\u0103n\u0103to\u015fi, s\u0103 ave\u0163i tot ce v\u0103 dori\u0163i \u015fi s\u0103-I mul\u0163umi\u0163i lui Dumnezeu pentru tot ce este bun \u015fi frumos \u00een via\u0163a voastr\u0103!<\/p>\n<p style=\"text-align: justify;\">Pa\u015fte Fericit!<\/p>\n","protected":false},"excerpt":{"rendered":"<p>Chiar dac\u0103 la noi, la rom\u00e2ni, pe vremea<\/p>\n","protected":false},"author":2,"featured_media":0,"comment_status":"open","ping_status":"open","sticky":false,"template":"","format":"standard","meta":{"footnotes":""},"categories":[6],"tags":[],"class_list":["post-97137","post","type-post","status-publish","format-standard","hentry","category-breaking-news"],"_links":{"self":[{"href":"https:\/\/www.giurgiuveanul.ro\/stiri\/wp-json\/wp\/v2\/posts\/97137","targetHints":{"allow":["GET"]}}],"collection":[{"href":"https:\/\/www.giurgiuveanul.ro\/stiri\/wp-json\/wp\/v2\/posts"}],"about":[{"href":"https:\/\/www.giurgiuveanul.ro\/stiri\/wp-json\/wp\/v2\/types\/post"}],"author":[{"embeddable":true,"href":"https:\/\/www.giurgiuveanul.ro\/stiri\/wp-json\/wp\/v2\/users\/2"}],"replies":[{"embeddable":true,"href":"https:\/\/www.giurgiuveanul.ro\/stiri\/wp-json\/wp\/v2\/comments?post=97137"}],"version-history":[{"count":0,"href":"https:\/\/www.giurgiuveanul.ro\/stiri\/wp-json\/wp\/v2\/posts\/97137\/revisions"}],"wp:attachment":[{"href":"https:\/\/www.giurgiuveanul.ro\/stiri\/wp-json\/wp\/v2\/media?parent=97137"}],"wp:term":[{"taxonomy":"category","embeddable":true,"href":"https:\/\/www.giurgiuveanul.ro\/stiri\/wp-json\/wp\/v2\/categories?post=97137"},{"taxonomy":"post_tag","embeddable":true,"href":"https:\/\/www.giurgiuveanul.ro\/stiri\/wp-json\/wp\/v2\/tags?post=97137"}],"curies":[{"name":"wp","href":"https:\/\/api.w.org\/{rel}","templated":true}]}}