{"id":97140,"date":"2023-04-15T15:47:25","date_gmt":"2023-04-15T12:47:25","guid":{"rendered":"https:\/\/www.giurgiuveanul.ro\/stiri\/?p=97140"},"modified":"2023-04-15T15:47:50","modified_gmt":"2023-04-15T12:47:50","slug":"deputat-cristina-elena-dinu-mesaj-de-sfintele-pasti","status":"publish","type":"post","link":"https:\/\/www.giurgiuveanul.ro\/stiri\/deputat-cristina-elena-dinu-mesaj-de-sfintele-pasti\/","title":{"rendered":"Deputat Cristina-Elena Dinu, mesaj de Sfintele Pa\u015fti!"},"content":{"rendered":"<p style=\"text-align: justify;\"><a href=\"https:\/\/www.giurgiuveanul.ro\/stiri\/wp-content\/uploads\/2023\/04\/Elena-Dinu.jpg\"><img loading=\"lazy\" decoding=\"async\" class=\"aligncenter wp-image-97141\" src=\"https:\/\/www.giurgiuveanul.ro\/stiri\/wp-content\/uploads\/2023\/04\/Elena-Dinu-560x334.jpg\" alt=\"\" width=\"573\" height=\"342\" srcset=\"https:\/\/www.giurgiuveanul.ro\/stiri\/wp-content\/uploads\/2023\/04\/Elena-Dinu-560x334.jpg 560w, https:\/\/www.giurgiuveanul.ro\/stiri\/wp-content\/uploads\/2023\/04\/Elena-Dinu-250x149.jpg 250w, https:\/\/www.giurgiuveanul.ro\/stiri\/wp-content\/uploads\/2023\/04\/Elena-Dinu-768x458.jpg 768w, https:\/\/www.giurgiuveanul.ro\/stiri\/wp-content\/uploads\/2023\/04\/Elena-Dinu-1536x915.jpg 1536w, https:\/\/www.giurgiuveanul.ro\/stiri\/wp-content\/uploads\/2023\/04\/Elena-Dinu-400x238.jpg 400w, https:\/\/www.giurgiuveanul.ro\/stiri\/wp-content\/uploads\/2023\/04\/Elena-Dinu.jpg 2048w\" sizes=\"auto, (max-width: 573px) 100vw, 573px\" \/><\/a>De Pa\u015fte, \u201etrebuie s\u0103 te \u00eennoie\u015fti\u201d. A\u015fa<!--more--> ne spuneau bunicii \u015fi p\u0103rin\u0163ii no\u015ftri care, \u00een fiecare an, \u00eenainte de \u00cenvierea Domnului, ne cump\u0103rau haine noi. Acesta era \u201ecadoul\u201d lor dinaintea s\u0103rb\u0103torii.<\/p>\n<p style=\"text-align: justify;\">Acum, cred, \u00eens\u0103, c\u0103 zicala aceasta se refer\u0103 \u015fi la altceva dec\u00e2t la partea material\u0103. Pentru c\u0103 \u00cenvierea Domnului este \u015fi prilej de \u201e\u00eennoire sufleteasc\u0103\u201d. Atunci c\u00e2nd lu\u0103m Lumina Sf\u00e2nt\u0103, avem ocazia s\u0103 facem lumin\u0103 \u015fi \u00een suflet, nu doar \u00een case. Avem \u015fansa s\u0103 d\u0103m la o parte tot ce nu e bun \u015fi s\u0103 punem \u00een loc frumuse\u0163e, recuno\u015ftin\u0163\u0103, \u00een\u0163elepciune \u015fi credin\u0163\u0103!<\/p>\n<p style=\"text-align: justify;\">Cred c\u0103 Pa\u015ftele este \u015fi despre re\u00eennoirea speran\u0163ei c\u0103 o putem lua de la cap\u0103t, mereu, mai preg\u0103ti\u0163i pentru ceea ce urmeaz\u0103, mai buni cu semenii no\u015ftri, mai \u00eeng\u0103duitori cu noi \u00een\u015fine.<\/p>\n<p style=\"text-align: justify;\">V\u0103 doresc tuturor un Pa\u015fte Luminat, Binecuv\u00e2ntat, s\u0103 fi\u0163i s\u0103n\u0103to\u015fi \u015fi s\u0103 v\u0103 fie sufletul plin de bucurie!<\/p>\n","protected":false},"excerpt":{"rendered":"<p>De Pa\u015fte, \u201etrebuie s\u0103 te \u00eennoie\u015fti\u201d. A\u015fa<\/p>\n","protected":false},"author":2,"featured_media":0,"comment_status":"open","ping_status":"open","sticky":false,"template":"","format":"standard","meta":{"footnotes":""},"categories":[6],"tags":[],"class_list":["post-97140","post","type-post","status-publish","format-standard","hentry","category-breaking-news"],"_links":{"self":[{"href":"https:\/\/www.giurgiuveanul.ro\/stiri\/wp-json\/wp\/v2\/posts\/97140","targetHints":{"allow":["GET"]}}],"collection":[{"href":"https:\/\/www.giurgiuveanul.ro\/stiri\/wp-json\/wp\/v2\/posts"}],"about":[{"href":"https:\/\/www.giurgiuveanul.ro\/stiri\/wp-json\/wp\/v2\/types\/post"}],"author":[{"embeddable":true,"href":"https:\/\/www.giurgiuveanul.ro\/stiri\/wp-json\/wp\/v2\/users\/2"}],"replies":[{"embeddable":true,"href":"https:\/\/www.giurgiuveanul.ro\/stiri\/wp-json\/wp\/v2\/comments?post=97140"}],"version-history":[{"count":0,"href":"https:\/\/www.giurgiuveanul.ro\/stiri\/wp-json\/wp\/v2\/posts\/97140\/revisions"}],"wp:attachment":[{"href":"https:\/\/www.giurgiuveanul.ro\/stiri\/wp-json\/wp\/v2\/media?parent=97140"}],"wp:term":[{"taxonomy":"category","embeddable":true,"href":"https:\/\/www.giurgiuveanul.ro\/stiri\/wp-json\/wp\/v2\/categories?post=97140"},{"taxonomy":"post_tag","embeddable":true,"href":"https:\/\/www.giurgiuveanul.ro\/stiri\/wp-json\/wp\/v2\/tags?post=97140"}],"curies":[{"name":"wp","href":"https:\/\/api.w.org\/{rel}","templated":true}]}}