{"id":97145,"date":"2023-04-15T15:51:24","date_gmt":"2023-04-15T12:51:24","guid":{"rendered":"https:\/\/www.giurgiuveanul.ro\/stiri\/?p=97145"},"modified":"2023-04-15T15:52:35","modified_gmt":"2023-04-15T12:52:35","slug":"europarlamentar-dan-motreanu-presedinte-pnl-giurgiu-mesaj-de-sfintele-pasti","status":"publish","type":"post","link":"https:\/\/www.giurgiuveanul.ro\/stiri\/europarlamentar-dan-motreanu-presedinte-pnl-giurgiu-mesaj-de-sfintele-pasti\/","title":{"rendered":"Europarlamentar Dan Motreanu, pre\u015fedinte PNL Giurgiu, mesaj de Sfintele Pa\u015fti!"},"content":{"rendered":"<p style=\"text-align: justify;\"><a href=\"https:\/\/www.giurgiuveanul.ro\/stiri\/wp-content\/uploads\/2023\/04\/Dan-Motreanu-foto-by-Vasile-Arcanu-520x450-1.jpg\"><img loading=\"lazy\" decoding=\"async\" class=\"aligncenter wp-image-97146\" src=\"https:\/\/www.giurgiuveanul.ro\/stiri\/wp-content\/uploads\/2023\/04\/Dan-Motreanu-foto-by-Vasile-Arcanu-520x450-1.jpg\" alt=\"\" width=\"575\" height=\"498\" srcset=\"https:\/\/www.giurgiuveanul.ro\/stiri\/wp-content\/uploads\/2023\/04\/Dan-Motreanu-foto-by-Vasile-Arcanu-520x450-1.jpg 520w, https:\/\/www.giurgiuveanul.ro\/stiri\/wp-content\/uploads\/2023\/04\/Dan-Motreanu-foto-by-Vasile-Arcanu-520x450-1-250x216.jpg 250w, https:\/\/www.giurgiuveanul.ro\/stiri\/wp-content\/uploads\/2023\/04\/Dan-Motreanu-foto-by-Vasile-Arcanu-520x450-1-400x346.jpg 400w\" sizes=\"auto, (max-width: 575px) 100vw, 575px\" \/><\/a>\u201e\u00cenvierea Domnului\u201d, acest miracol divin<!--more--> pe care \u00eel celebr\u0103m \u00een fiecare an cu mare bucurie \u00een suflete \u015fi cu g\u00e2ndul la propria noastr\u0103 m\u00e2ntuire are puterea s\u0103 ne fac\u0103 mai buni, mai cura\u0163i \u00een g\u00e2nduri \u015fi \u00een ceea ce sim\u0163im unii fa\u0163\u0103 de ceilal\u0163i.<\/p>\n<p style=\"text-align: justify;\">V\u0103 doresc ca Lumina Sf\u00e2nt\u0103 a \u00cenvierii s\u0103 v\u0103 aduc\u0103 bucurie \u015fi lumin\u0103 \u00een suflet, iar Sfintele Pa\u015fti s\u0103 le petrece\u0163i \u00een armonie, bel\u015fug \u015fi fericire al\u0103turi de cei care v\u0103 sunt dragi.<\/p>\n<p style=\"text-align: justify;\">Hristos a \u00cenviat!<\/p>\n","protected":false},"excerpt":{"rendered":"<p>\u201e\u00cenvierea Domnului\u201d, acest miracol divin<\/p>\n","protected":false},"author":2,"featured_media":0,"comment_status":"open","ping_status":"open","sticky":false,"template":"","format":"standard","meta":{"footnotes":""},"categories":[6],"tags":[],"class_list":["post-97145","post","type-post","status-publish","format-standard","hentry","category-breaking-news"],"_links":{"self":[{"href":"https:\/\/www.giurgiuveanul.ro\/stiri\/wp-json\/wp\/v2\/posts\/97145","targetHints":{"allow":["GET"]}}],"collection":[{"href":"https:\/\/www.giurgiuveanul.ro\/stiri\/wp-json\/wp\/v2\/posts"}],"about":[{"href":"https:\/\/www.giurgiuveanul.ro\/stiri\/wp-json\/wp\/v2\/types\/post"}],"author":[{"embeddable":true,"href":"https:\/\/www.giurgiuveanul.ro\/stiri\/wp-json\/wp\/v2\/users\/2"}],"replies":[{"embeddable":true,"href":"https:\/\/www.giurgiuveanul.ro\/stiri\/wp-json\/wp\/v2\/comments?post=97145"}],"version-history":[{"count":0,"href":"https:\/\/www.giurgiuveanul.ro\/stiri\/wp-json\/wp\/v2\/posts\/97145\/revisions"}],"wp:attachment":[{"href":"https:\/\/www.giurgiuveanul.ro\/stiri\/wp-json\/wp\/v2\/media?parent=97145"}],"wp:term":[{"taxonomy":"category","embeddable":true,"href":"https:\/\/www.giurgiuveanul.ro\/stiri\/wp-json\/wp\/v2\/categories?post=97145"},{"taxonomy":"post_tag","embeddable":true,"href":"https:\/\/www.giurgiuveanul.ro\/stiri\/wp-json\/wp\/v2\/tags?post=97145"}],"curies":[{"name":"wp","href":"https:\/\/api.w.org\/{rel}","templated":true}]}}