{"id":97164,"date":"2023-04-15T16:06:26","date_gmt":"2023-04-15T13:06:26","guid":{"rendered":"https:\/\/www.giurgiuveanul.ro\/stiri\/?p=97164"},"modified":"2023-04-15T16:18:09","modified_gmt":"2023-04-15T13:18:09","slug":"dumitru-beianu-presedintele-consiliului-judetean-giurgiu-mesaj-de-sfintele-pasti","status":"publish","type":"post","link":"https:\/\/www.giurgiuveanul.ro\/stiri\/dumitru-beianu-presedintele-consiliului-judetean-giurgiu-mesaj-de-sfintele-pasti\/","title":{"rendered":"Dumitru Beianu, pre\u015fedinte Consiliului Jude\u0163ean Giurgiu, mesaj de Sfintele Pa\u015fti!"},"content":{"rendered":"<p style=\"text-align: justify;\"><a href=\"https:\/\/www.giurgiuveanul.ro\/stiri\/wp-content\/uploads\/2023\/04\/Dumitru-Beianu.jpg\"><img loading=\"lazy\" decoding=\"async\" class=\"aligncenter wp-image-97165\" src=\"https:\/\/www.giurgiuveanul.ro\/stiri\/wp-content\/uploads\/2023\/04\/Dumitru-Beianu-550x450.jpg\" alt=\"\" width=\"568\" height=\"465\" srcset=\"https:\/\/www.giurgiuveanul.ro\/stiri\/wp-content\/uploads\/2023\/04\/Dumitru-Beianu-550x450.jpg 550w, https:\/\/www.giurgiuveanul.ro\/stiri\/wp-content\/uploads\/2023\/04\/Dumitru-Beianu-250x205.jpg 250w, https:\/\/www.giurgiuveanul.ro\/stiri\/wp-content\/uploads\/2023\/04\/Dumitru-Beianu-768x629.jpg 768w, https:\/\/www.giurgiuveanul.ro\/stiri\/wp-content\/uploads\/2023\/04\/Dumitru-Beianu-1536x1257.jpg 1536w, https:\/\/www.giurgiuveanul.ro\/stiri\/wp-content\/uploads\/2023\/04\/Dumitru-Beianu-2048x1676.jpg 2048w, https:\/\/www.giurgiuveanul.ro\/stiri\/wp-content\/uploads\/2023\/04\/Dumitru-Beianu-400x327.jpg 400w\" sizes=\"auto, (max-width: 568px) 100vw, 568px\" \/><\/a><\/p>\n<p>S\u0103rb\u0103toarea Sf\u00e2nta a \u00cenvierii lui Hristos<!--more--> s\u0103 presare \u00een toate col\u021burile vie\u021bii noastre cele patru taine divine. Avem nevoie de Lumin\u0103, \u00cencredere, Iubire \u0219i Speran\u021b\u0103, \u00een fiecare zi \u0219i \u00een \u00eentreaga noastr\u0103 via\u021b\u0103, \u00eencerc\u00e2nd s\u0103 fim mai buni cu semenii no\u0219tri \u0219i chiar cu noi \u00een\u0219ine\u2026<\/p>\n<p>De vom reu\u0219i s\u0103 ne c\u0103l\u0103uzim dup\u0103 \u00cenv\u0103\u021b\u0103tura M\u00e2ntuitorului, vom avea o via\u021b\u0103 \u00eemplinit\u0103!<\/p>\n<p>Lini\u0219te \u0219i \u00eemplinire sufleteasc\u0103, pre\u021buire \u0219i recuno\u0219tin\u021b\u0103 tuturor celor care ne sunt al\u0103turi \u00een \u00eencerc\u0103rile vie\u021bii \u0219i ne ajut\u0103 s\u0103 fim \u0219i s\u0103 r\u0103m\u00e2nem oameni.<\/p>\n<p>S\u0103rb\u0103tori cu pace-n suflet \u0219i fericite-n priviri!<\/p>\n","protected":false},"excerpt":{"rendered":"<p>S\u0103rb\u0103toarea Sf\u00e2nta a \u00cenvierii lui Hristos<\/p>\n","protected":false},"author":2,"featured_media":0,"comment_status":"open","ping_status":"open","sticky":false,"template":"","format":"standard","meta":{"footnotes":""},"categories":[6],"tags":[],"class_list":["post-97164","post","type-post","status-publish","format-standard","hentry","category-breaking-news"],"_links":{"self":[{"href":"https:\/\/www.giurgiuveanul.ro\/stiri\/wp-json\/wp\/v2\/posts\/97164","targetHints":{"allow":["GET"]}}],"collection":[{"href":"https:\/\/www.giurgiuveanul.ro\/stiri\/wp-json\/wp\/v2\/posts"}],"about":[{"href":"https:\/\/www.giurgiuveanul.ro\/stiri\/wp-json\/wp\/v2\/types\/post"}],"author":[{"embeddable":true,"href":"https:\/\/www.giurgiuveanul.ro\/stiri\/wp-json\/wp\/v2\/users\/2"}],"replies":[{"embeddable":true,"href":"https:\/\/www.giurgiuveanul.ro\/stiri\/wp-json\/wp\/v2\/comments?post=97164"}],"version-history":[{"count":0,"href":"https:\/\/www.giurgiuveanul.ro\/stiri\/wp-json\/wp\/v2\/posts\/97164\/revisions"}],"wp:attachment":[{"href":"https:\/\/www.giurgiuveanul.ro\/stiri\/wp-json\/wp\/v2\/media?parent=97164"}],"wp:term":[{"taxonomy":"category","embeddable":true,"href":"https:\/\/www.giurgiuveanul.ro\/stiri\/wp-json\/wp\/v2\/categories?post=97164"},{"taxonomy":"post_tag","embeddable":true,"href":"https:\/\/www.giurgiuveanul.ro\/stiri\/wp-json\/wp\/v2\/tags?post=97164"}],"curies":[{"name":"wp","href":"https:\/\/api.w.org\/{rel}","templated":true}]}}