{"id":97176,"date":"2023-04-16T13:55:57","date_gmt":"2023-04-16T10:55:57","guid":{"rendered":"https:\/\/www.giurgiuveanul.ro\/stiri\/?p=97176"},"modified":"2023-04-16T13:58:29","modified_gmt":"2023-04-16T10:58:29","slug":"hristos-a-inviat-invierea-domnului-intampinata-de-o-multime-de-credinciosi-la-catedrala-episcopala-adormirea-maicii-domnului-din-giurgiu-foto","status":"publish","type":"post","link":"https:\/\/www.giurgiuveanul.ro\/stiri\/hristos-a-inviat-invierea-domnului-intampinata-de-o-multime-de-credinciosi-la-catedrala-episcopala-adormirea-maicii-domnului-din-giurgiu-foto\/","title":{"rendered":"Hristos a \u00cenviat! \u00cenvierea Domnului, \u00eent\u00e2mpinat\u0103 de o mul\u021bime de credincio\u0219i, la Catedrala Episcopal\u0103 \u201eAdormirea Maicii Domnului\u201d din Giurgiu! (FOTO)"},"content":{"rendered":"<p style=\"text-align: justify;\"><strong><a href=\"https:\/\/www.giurgiuveanul.ro\/stiri\/wp-content\/uploads\/2023\/04\/1-6.jpg\"><img loading=\"lazy\" decoding=\"async\" class=\"aligncenter wp-image-97177\" src=\"https:\/\/www.giurgiuveanul.ro\/stiri\/wp-content\/uploads\/2023\/04\/1-6-473x450.jpg\" alt=\"\" width=\"571\" height=\"544\" srcset=\"https:\/\/www.giurgiuveanul.ro\/stiri\/wp-content\/uploads\/2023\/04\/1-6-473x450.jpg 473w, https:\/\/www.giurgiuveanul.ro\/stiri\/wp-content\/uploads\/2023\/04\/1-6-250x238.jpg 250w, https:\/\/www.giurgiuveanul.ro\/stiri\/wp-content\/uploads\/2023\/04\/1-6-768x731.jpg 768w, https:\/\/www.giurgiuveanul.ro\/stiri\/wp-content\/uploads\/2023\/04\/1-6-1536x1461.jpg 1536w, https:\/\/www.giurgiuveanul.ro\/stiri\/wp-content\/uploads\/2023\/04\/1-6-400x380.jpg 400w, https:\/\/www.giurgiuveanul.ro\/stiri\/wp-content\/uploads\/2023\/04\/1-6.jpg 2048w\" sizes=\"auto, (max-width: 571px) 100vw, 571px\" \/><\/a>Lumin\u0103, bucurie \u0219i chipuri senine, \u00een Noaptea \u00cenvierii, la Catedrala istoric\u0103 a municipiului Giurgiu! <\/strong><\/p>\n<p style=\"text-align: justify;\">Slujba \u00cenvierii Domnului<!--more--> a fost oficiat\u0103, la Catedrala Episcopal\u0103 \u201eAdormirea Maicii Domnului\u201d, din Giurgiu, de<strong> \u00cenaltpreacuviosul P\u0103rinte Arhimandrit Dr. Teodor \u015eerban, Vicarul Episcopiei Giurgiului,<\/strong> \u00eenconjurat de un sobor de preo\u0163i \u015fi diaconi.<\/p>\n<p><a href=\"https:\/\/www.giurgiuveanul.ro\/stiri\/wp-content\/uploads\/2023\/04\/2-7.jpg\"><img loading=\"lazy\" decoding=\"async\" class=\"aligncenter  wp-image-97181\" src=\"https:\/\/www.giurgiuveanul.ro\/stiri\/wp-content\/uploads\/2023\/04\/2-7-385x450.jpg\" alt=\"\" width=\"573\" height=\"669\" srcset=\"https:\/\/www.giurgiuveanul.ro\/stiri\/wp-content\/uploads\/2023\/04\/2-7-385x450.jpg 385w, https:\/\/www.giurgiuveanul.ro\/stiri\/wp-content\/uploads\/2023\/04\/2-7-250x292.jpg 250w, https:\/\/www.giurgiuveanul.ro\/stiri\/wp-content\/uploads\/2023\/04\/2-7-768x897.jpg 768w, https:\/\/www.giurgiuveanul.ro\/stiri\/wp-content\/uploads\/2023\/04\/2-7-1316x1536.jpg 1316w, https:\/\/www.giurgiuveanul.ro\/stiri\/wp-content\/uploads\/2023\/04\/2-7-400x467.jpg 400w, https:\/\/www.giurgiuveanul.ro\/stiri\/wp-content\/uploads\/2023\/04\/2-7.jpg 1754w\" sizes=\"auto, (max-width: 573px) 100vw, 573px\" \/><\/a> <a href=\"https:\/\/www.giurgiuveanul.ro\/stiri\/wp-content\/uploads\/2023\/04\/3-7-scaled.jpg\"><img loading=\"lazy\" decoding=\"async\" class=\"aligncenter  wp-image-97182\" src=\"https:\/\/www.giurgiuveanul.ro\/stiri\/wp-content\/uploads\/2023\/04\/3-7-560x271.jpg\" alt=\"\" width=\"572\" height=\"277\" srcset=\"https:\/\/www.giurgiuveanul.ro\/stiri\/wp-content\/uploads\/2023\/04\/3-7-560x271.jpg 560w, https:\/\/www.giurgiuveanul.ro\/stiri\/wp-content\/uploads\/2023\/04\/3-7-250x121.jpg 250w, https:\/\/www.giurgiuveanul.ro\/stiri\/wp-content\/uploads\/2023\/04\/3-7-768x371.jpg 768w, https:\/\/www.giurgiuveanul.ro\/stiri\/wp-content\/uploads\/2023\/04\/3-7-1536x743.jpg 1536w, https:\/\/www.giurgiuveanul.ro\/stiri\/wp-content\/uploads\/2023\/04\/3-7-2048x990.jpg 2048w, https:\/\/www.giurgiuveanul.ro\/stiri\/wp-content\/uploads\/2023\/04\/3-7-400x193.jpg 400w\" sizes=\"auto, (max-width: 572px) 100vw, 572px\" \/><\/a> <a href=\"https:\/\/www.giurgiuveanul.ro\/stiri\/wp-content\/uploads\/2023\/04\/4-7-scaled.jpg\"><img loading=\"lazy\" decoding=\"async\" class=\"aligncenter  wp-image-97183\" src=\"https:\/\/www.giurgiuveanul.ro\/stiri\/wp-content\/uploads\/2023\/04\/4-7-560x272.jpg\" alt=\"\" width=\"566\" height=\"275\" srcset=\"https:\/\/www.giurgiuveanul.ro\/stiri\/wp-content\/uploads\/2023\/04\/4-7-560x272.jpg 560w, https:\/\/www.giurgiuveanul.ro\/stiri\/wp-content\/uploads\/2023\/04\/4-7-250x121.jpg 250w, https:\/\/www.giurgiuveanul.ro\/stiri\/wp-content\/uploads\/2023\/04\/4-7-768x373.jpg 768w, https:\/\/www.giurgiuveanul.ro\/stiri\/wp-content\/uploads\/2023\/04\/4-7-1536x746.jpg 1536w, https:\/\/www.giurgiuveanul.ro\/stiri\/wp-content\/uploads\/2023\/04\/4-7-2048x994.jpg 2048w, https:\/\/www.giurgiuveanul.ro\/stiri\/wp-content\/uploads\/2023\/04\/4-7-400x194.jpg 400w\" sizes=\"auto, (max-width: 566px) 100vw, 566px\" \/><\/a> <a href=\"https:\/\/www.giurgiuveanul.ro\/stiri\/wp-content\/uploads\/2023\/04\/5-7.jpg\"><img loading=\"lazy\" decoding=\"async\" class=\"aligncenter  wp-image-97184\" src=\"https:\/\/www.giurgiuveanul.ro\/stiri\/wp-content\/uploads\/2023\/04\/5-7-560x371.jpg\" alt=\"\" width=\"568\" height=\"376\" srcset=\"https:\/\/www.giurgiuveanul.ro\/stiri\/wp-content\/uploads\/2023\/04\/5-7-560x371.jpg 560w, https:\/\/www.giurgiuveanul.ro\/stiri\/wp-content\/uploads\/2023\/04\/5-7-250x165.jpg 250w, https:\/\/www.giurgiuveanul.ro\/stiri\/wp-content\/uploads\/2023\/04\/5-7-768x508.jpg 768w, https:\/\/www.giurgiuveanul.ro\/stiri\/wp-content\/uploads\/2023\/04\/5-7-1536x1016.jpg 1536w, https:\/\/www.giurgiuveanul.ro\/stiri\/wp-content\/uploads\/2023\/04\/5-7-400x265.jpg 400w, https:\/\/www.giurgiuveanul.ro\/stiri\/wp-content\/uploads\/2023\/04\/5-7.jpg 2048w\" sizes=\"auto, (max-width: 568px) 100vw, 568px\" \/><\/a> <a href=\"https:\/\/www.giurgiuveanul.ro\/stiri\/wp-content\/uploads\/2023\/04\/6-5.jpg\"><img loading=\"lazy\" decoding=\"async\" class=\"aligncenter  wp-image-97185\" src=\"https:\/\/www.giurgiuveanul.ro\/stiri\/wp-content\/uploads\/2023\/04\/6-5-560x379.jpg\" alt=\"\" width=\"563\" height=\"381\" srcset=\"https:\/\/www.giurgiuveanul.ro\/stiri\/wp-content\/uploads\/2023\/04\/6-5-560x379.jpg 560w, https:\/\/www.giurgiuveanul.ro\/stiri\/wp-content\/uploads\/2023\/04\/6-5-250x169.jpg 250w, https:\/\/www.giurgiuveanul.ro\/stiri\/wp-content\/uploads\/2023\/04\/6-5-768x520.jpg 768w, https:\/\/www.giurgiuveanul.ro\/stiri\/wp-content\/uploads\/2023\/04\/6-5-1536x1040.jpg 1536w, https:\/\/www.giurgiuveanul.ro\/stiri\/wp-content\/uploads\/2023\/04\/6-5-400x271.jpg 400w, https:\/\/www.giurgiuveanul.ro\/stiri\/wp-content\/uploads\/2023\/04\/6-5.jpg 2048w\" sizes=\"auto, (max-width: 563px) 100vw, 563px\" \/><\/a> <a href=\"https:\/\/www.giurgiuveanul.ro\/stiri\/wp-content\/uploads\/2023\/04\/7-3-scaled.jpg\"><img loading=\"lazy\" decoding=\"async\" class=\"aligncenter  wp-image-97187\" src=\"https:\/\/www.giurgiuveanul.ro\/stiri\/wp-content\/uploads\/2023\/04\/7-3-560x257.jpg\" alt=\"\" width=\"562\" height=\"258\" srcset=\"https:\/\/www.giurgiuveanul.ro\/stiri\/wp-content\/uploads\/2023\/04\/7-3-560x257.jpg 560w, https:\/\/www.giurgiuveanul.ro\/stiri\/wp-content\/uploads\/2023\/04\/7-3-250x115.jpg 250w, https:\/\/www.giurgiuveanul.ro\/stiri\/wp-content\/uploads\/2023\/04\/7-3-768x353.jpg 768w, https:\/\/www.giurgiuveanul.ro\/stiri\/wp-content\/uploads\/2023\/04\/7-3-1536x706.jpg 1536w, https:\/\/www.giurgiuveanul.ro\/stiri\/wp-content\/uploads\/2023\/04\/7-3-2048x941.jpg 2048w, https:\/\/www.giurgiuveanul.ro\/stiri\/wp-content\/uploads\/2023\/04\/7-3-400x184.jpg 400w\" sizes=\"auto, (max-width: 562px) 100vw, 562px\" \/><\/a><\/p>\n<p style=\"text-align: justify;\">La miezul nop\u0163ii, Lumina Sf\u00e2nt\u0103 adus\u0103 de la Ierusalim a fost \u00eemp\u0103r\u021bit\u0103 numero\u015filor credincio\u0219i prezen\u021bi \u00een fa\u021ba Catedralei Episcopale \u201eAdormirea Maicii Domnului\u201d, unde a avut loc \u0219i citirea Sfintei Evanghelii \u0219i a Pastoralei la \u00cenvierea Domnului nostru Iisus Hristos &#8211; pentru anul 2023.<\/p>\n<p style=\"text-align: justify;\">Sf\u00e2nta \u0219i Dumnezeiasca Liturghie s-a s\u0103v\u00e2r\u0219it \u00een interiorul Catedralei.<\/p>\n","protected":false},"excerpt":{"rendered":"<p>Lumin\u0103, bucurie \u0219i chipuri senine, \u00een Noaptea \u00cenvierii, la Catedrala istoric\u0103 a municipiului Giurgiu! Slujba \u00cenvierii Domnului<\/p>\n","protected":false},"author":2,"featured_media":0,"comment_status":"open","ping_status":"open","sticky":false,"template":"","format":"standard","meta":{"footnotes":""},"categories":[6],"tags":[],"class_list":["post-97176","post","type-post","status-publish","format-standard","hentry","category-breaking-news"],"_links":{"self":[{"href":"https:\/\/www.giurgiuveanul.ro\/stiri\/wp-json\/wp\/v2\/posts\/97176","targetHints":{"allow":["GET"]}}],"collection":[{"href":"https:\/\/www.giurgiuveanul.ro\/stiri\/wp-json\/wp\/v2\/posts"}],"about":[{"href":"https:\/\/www.giurgiuveanul.ro\/stiri\/wp-json\/wp\/v2\/types\/post"}],"author":[{"embeddable":true,"href":"https:\/\/www.giurgiuveanul.ro\/stiri\/wp-json\/wp\/v2\/users\/2"}],"replies":[{"embeddable":true,"href":"https:\/\/www.giurgiuveanul.ro\/stiri\/wp-json\/wp\/v2\/comments?post=97176"}],"version-history":[{"count":0,"href":"https:\/\/www.giurgiuveanul.ro\/stiri\/wp-json\/wp\/v2\/posts\/97176\/revisions"}],"wp:attachment":[{"href":"https:\/\/www.giurgiuveanul.ro\/stiri\/wp-json\/wp\/v2\/media?parent=97176"}],"wp:term":[{"taxonomy":"category","embeddable":true,"href":"https:\/\/www.giurgiuveanul.ro\/stiri\/wp-json\/wp\/v2\/categories?post=97176"},{"taxonomy":"post_tag","embeddable":true,"href":"https:\/\/www.giurgiuveanul.ro\/stiri\/wp-json\/wp\/v2\/tags?post=97176"}],"curies":[{"name":"wp","href":"https:\/\/api.w.org\/{rel}","templated":true}]}}