{"id":97189,"date":"2023-04-16T14:28:03","date_gmt":"2023-04-16T11:28:03","guid":{"rendered":"https:\/\/www.giurgiuveanul.ro\/stiri\/?p=97189"},"modified":"2023-04-16T14:28:03","modified_gmt":"2023-04-16T11:28:03","slug":"adrian-anghelescu-primarul-municipiului-giurgiu-mesaj-de-sfintele-pasti","status":"publish","type":"post","link":"https:\/\/www.giurgiuveanul.ro\/stiri\/adrian-anghelescu-primarul-municipiului-giurgiu-mesaj-de-sfintele-pasti\/","title":{"rendered":"Adrian Anghelescu, primarul municipiului Giurgiu, mesaj de Sfintele Pa\u015fti!"},"content":{"rendered":"<p style=\"text-align: justify;\"><a href=\"https:\/\/www.giurgiuveanul.ro\/stiri\/wp-content\/uploads\/2023\/04\/339433481_548284214123407_3243089572031946242_n.jpg\"><img loading=\"lazy\" decoding=\"async\" class=\"aligncenter  wp-image-97190\" src=\"https:\/\/www.giurgiuveanul.ro\/stiri\/wp-content\/uploads\/2023\/04\/339433481_548284214123407_3243089572031946242_n-560x306.jpg\" alt=\"\" width=\"578\" height=\"316\" srcset=\"https:\/\/www.giurgiuveanul.ro\/stiri\/wp-content\/uploads\/2023\/04\/339433481_548284214123407_3243089572031946242_n-560x306.jpg 560w, https:\/\/www.giurgiuveanul.ro\/stiri\/wp-content\/uploads\/2023\/04\/339433481_548284214123407_3243089572031946242_n-250x137.jpg 250w, https:\/\/www.giurgiuveanul.ro\/stiri\/wp-content\/uploads\/2023\/04\/339433481_548284214123407_3243089572031946242_n-768x420.jpg 768w, https:\/\/www.giurgiuveanul.ro\/stiri\/wp-content\/uploads\/2023\/04\/339433481_548284214123407_3243089572031946242_n-400x219.jpg 400w, https:\/\/www.giurgiuveanul.ro\/stiri\/wp-content\/uploads\/2023\/04\/339433481_548284214123407_3243089572031946242_n.jpg 1040w\" sizes=\"auto, (max-width: 578px) 100vw, 578px\" \/><\/a>Cu ocazia Sfintelor S\u0103rb\u0103tori Pascale, fie ca<!--more--> Lumina Sf\u00e2nt\u0103 s\u0103 alunge \u00eentunericul din vie\u0163ile fiec\u0103ruia dintre noi. Fie ca bunul Dumnezeu \u015fi M\u00e2ntuitorul nostru Iisus Hristos s\u0103 ne aduc\u0103 lini\u015ftea sufleteasc\u0103, fericirea \u015fi bun\u0103starea!<\/p>\n<p style=\"text-align: justify;\"><em>Pa\u015fte Fericit! Hristos a \u00cenviat!<\/em><\/p>\n","protected":false},"excerpt":{"rendered":"<p>Cu ocazia Sfintelor S\u0103rb\u0103tori Pascale, fie ca<\/p>\n","protected":false},"author":2,"featured_media":0,"comment_status":"open","ping_status":"open","sticky":false,"template":"","format":"standard","meta":{"footnotes":""},"categories":[6],"tags":[],"class_list":["post-97189","post","type-post","status-publish","format-standard","hentry","category-breaking-news"],"_links":{"self":[{"href":"https:\/\/www.giurgiuveanul.ro\/stiri\/wp-json\/wp\/v2\/posts\/97189","targetHints":{"allow":["GET"]}}],"collection":[{"href":"https:\/\/www.giurgiuveanul.ro\/stiri\/wp-json\/wp\/v2\/posts"}],"about":[{"href":"https:\/\/www.giurgiuveanul.ro\/stiri\/wp-json\/wp\/v2\/types\/post"}],"author":[{"embeddable":true,"href":"https:\/\/www.giurgiuveanul.ro\/stiri\/wp-json\/wp\/v2\/users\/2"}],"replies":[{"embeddable":true,"href":"https:\/\/www.giurgiuveanul.ro\/stiri\/wp-json\/wp\/v2\/comments?post=97189"}],"version-history":[{"count":0,"href":"https:\/\/www.giurgiuveanul.ro\/stiri\/wp-json\/wp\/v2\/posts\/97189\/revisions"}],"wp:attachment":[{"href":"https:\/\/www.giurgiuveanul.ro\/stiri\/wp-json\/wp\/v2\/media?parent=97189"}],"wp:term":[{"taxonomy":"category","embeddable":true,"href":"https:\/\/www.giurgiuveanul.ro\/stiri\/wp-json\/wp\/v2\/categories?post=97189"},{"taxonomy":"post_tag","embeddable":true,"href":"https:\/\/www.giurgiuveanul.ro\/stiri\/wp-json\/wp\/v2\/tags?post=97189"}],"curies":[{"name":"wp","href":"https:\/\/api.w.org\/{rel}","templated":true}]}}