{"id":97192,"date":"2023-04-16T14:33:13","date_gmt":"2023-04-16T11:33:13","guid":{"rendered":"https:\/\/www.giurgiuveanul.ro\/stiri\/?p=97192"},"modified":"2023-04-16T14:33:30","modified_gmt":"2023-04-16T11:33:30","slug":"mihai-dobre-primarul-orasului-mihailesti-mesaj-de-sfintele-pasti","status":"publish","type":"post","link":"https:\/\/www.giurgiuveanul.ro\/stiri\/mihai-dobre-primarul-orasului-mihailesti-mesaj-de-sfintele-pasti\/","title":{"rendered":"Mihai Dobre, primarul ora\u015fului Mih\u0103ile\u015fti, mesaj de Sfintele Pa\u015fti!"},"content":{"rendered":"<p style=\"text-align: justify;\"><a href=\"https:\/\/www.giurgiuveanul.ro\/stiri\/wp-content\/uploads\/2023\/01\/IMG_3330.jpg\"><img loading=\"lazy\" decoding=\"async\" class=\"aligncenter wp-image-94562\" src=\"https:\/\/www.giurgiuveanul.ro\/stiri\/wp-content\/uploads\/2023\/01\/IMG_3330-491x450.jpg\" alt=\"\" width=\"571\" height=\"523\" srcset=\"https:\/\/www.giurgiuveanul.ro\/stiri\/wp-content\/uploads\/2023\/01\/IMG_3330-491x450.jpg 491w, https:\/\/www.giurgiuveanul.ro\/stiri\/wp-content\/uploads\/2023\/01\/IMG_3330-250x229.jpg 250w, https:\/\/www.giurgiuveanul.ro\/stiri\/wp-content\/uploads\/2023\/01\/IMG_3330-768x703.jpg 768w, https:\/\/www.giurgiuveanul.ro\/stiri\/wp-content\/uploads\/2023\/01\/IMG_3330-400x366.jpg 400w, https:\/\/www.giurgiuveanul.ro\/stiri\/wp-content\/uploads\/2023\/01\/IMG_3330.jpg 1000w\" sizes=\"auto, (max-width: 571px) 100vw, 571px\" \/><\/a>Luminoasele s\u0103rb\u0103tori\u00a0 Pascale \u00eemi ofer\u0103<!--more--> deosebita pl\u0103cere s\u0103 \u00eemp\u0103rt\u0103\u0219esc cu fiecare locuitor at or\u0103\u0219elului nostru bucuria sfintelor s\u0103rb\u0103tori de Pa\u0219ti.\u00a0 Bucuria Sf\u00e2nt\u0103 a acestor s\u0103rb\u0103tori s\u0103 v\u0103 aduc\u0103 binecuv\u00e2ntare,\u00a0 prosperitate, fericire \u0219i s\u0103n\u0103tate, iar Lumina \u00cenvierii M\u00e2ntuitorului s\u0103 v\u0103 inunde casa \u0219i s\u0103 v\u0103 aduc\u0103 numai armonie, fericire \u0219i mult\u0103 iubire.<\/p>\n<p style=\"text-align: justify;\">Pa\u0219te Fericit!<\/p>\n","protected":false},"excerpt":{"rendered":"<p>Luminoasele s\u0103rb\u0103tori\u00a0 Pascale \u00eemi ofer\u0103<\/p>\n","protected":false},"author":2,"featured_media":0,"comment_status":"open","ping_status":"open","sticky":false,"template":"","format":"standard","meta":{"footnotes":""},"categories":[6],"tags":[],"class_list":["post-97192","post","type-post","status-publish","format-standard","hentry","category-breaking-news"],"_links":{"self":[{"href":"https:\/\/www.giurgiuveanul.ro\/stiri\/wp-json\/wp\/v2\/posts\/97192","targetHints":{"allow":["GET"]}}],"collection":[{"href":"https:\/\/www.giurgiuveanul.ro\/stiri\/wp-json\/wp\/v2\/posts"}],"about":[{"href":"https:\/\/www.giurgiuveanul.ro\/stiri\/wp-json\/wp\/v2\/types\/post"}],"author":[{"embeddable":true,"href":"https:\/\/www.giurgiuveanul.ro\/stiri\/wp-json\/wp\/v2\/users\/2"}],"replies":[{"embeddable":true,"href":"https:\/\/www.giurgiuveanul.ro\/stiri\/wp-json\/wp\/v2\/comments?post=97192"}],"version-history":[{"count":0,"href":"https:\/\/www.giurgiuveanul.ro\/stiri\/wp-json\/wp\/v2\/posts\/97192\/revisions"}],"wp:attachment":[{"href":"https:\/\/www.giurgiuveanul.ro\/stiri\/wp-json\/wp\/v2\/media?parent=97192"}],"wp:term":[{"taxonomy":"category","embeddable":true,"href":"https:\/\/www.giurgiuveanul.ro\/stiri\/wp-json\/wp\/v2\/categories?post=97192"},{"taxonomy":"post_tag","embeddable":true,"href":"https:\/\/www.giurgiuveanul.ro\/stiri\/wp-json\/wp\/v2\/tags?post=97192"}],"curies":[{"name":"wp","href":"https:\/\/api.w.org\/{rel}","templated":true}]}}