{"id":97195,"date":"2023-04-16T14:39:34","date_gmt":"2023-04-16T11:39:34","guid":{"rendered":"https:\/\/www.giurgiuveanul.ro\/stiri\/?p=97195"},"modified":"2023-04-16T14:43:17","modified_gmt":"2023-04-16T11:43:17","slug":"fabian-tirca-primarul-comunei-oinacu-mesaj-de-sfintele-pasti","status":"publish","type":"post","link":"https:\/\/www.giurgiuveanul.ro\/stiri\/fabian-tirca-primarul-comunei-oinacu-mesaj-de-sfintele-pasti\/","title":{"rendered":"Fabian \u0162\u00eerc\u0103, primarul comunei Oinacu, mesaj de Sfintele Pa\u015fti!"},"content":{"rendered":"<p style=\"text-align: justify;\"><a href=\"https:\/\/www.giurgiuveanul.ro\/stiri\/wp-content\/uploads\/2023\/04\/1-1-1.jpg\"><img loading=\"lazy\" decoding=\"async\" class=\"aligncenter wp-image-97199\" src=\"https:\/\/www.giurgiuveanul.ro\/stiri\/wp-content\/uploads\/2023\/04\/1-1-1-438x450.jpg\" alt=\"\" width=\"565\" height=\"581\" srcset=\"https:\/\/www.giurgiuveanul.ro\/stiri\/wp-content\/uploads\/2023\/04\/1-1-1-438x450.jpg 438w, https:\/\/www.giurgiuveanul.ro\/stiri\/wp-content\/uploads\/2023\/04\/1-1-1-250x257.jpg 250w, https:\/\/www.giurgiuveanul.ro\/stiri\/wp-content\/uploads\/2023\/04\/1-1-1-768x789.jpg 768w, https:\/\/www.giurgiuveanul.ro\/stiri\/wp-content\/uploads\/2023\/04\/1-1-1-400x411.jpg 400w, https:\/\/www.giurgiuveanul.ro\/stiri\/wp-content\/uploads\/2023\/04\/1-1-1.jpg 1290w\" sizes=\"auto, (max-width: 565px) 100vw, 565px\" \/><\/a>Minunea \u00eenvierii lui Iisus<!--more--> s\u0103 d\u0103inuie \u00een inimile voastre, s\u0103 v\u0103 lumineze via\u0163a \u0219i s\u0103 v\u0103 aduc\u0103 rena\u015fterea credin\u021bei, speran\u021bei, bucuriei cu bun\u0103tate \u015fi c\u0103ldur\u0103 \u00een suflete!<\/p>\n<p style=\"text-align: justify;\">HRISTOS A \u00ceNVIAT!<\/p>\n","protected":false},"excerpt":{"rendered":"<p>Minunea \u00eenvierii lui Iisus<\/p>\n","protected":false},"author":2,"featured_media":0,"comment_status":"open","ping_status":"open","sticky":false,"template":"","format":"standard","meta":{"footnotes":""},"categories":[6],"tags":[],"class_list":["post-97195","post","type-post","status-publish","format-standard","hentry","category-breaking-news"],"_links":{"self":[{"href":"https:\/\/www.giurgiuveanul.ro\/stiri\/wp-json\/wp\/v2\/posts\/97195","targetHints":{"allow":["GET"]}}],"collection":[{"href":"https:\/\/www.giurgiuveanul.ro\/stiri\/wp-json\/wp\/v2\/posts"}],"about":[{"href":"https:\/\/www.giurgiuveanul.ro\/stiri\/wp-json\/wp\/v2\/types\/post"}],"author":[{"embeddable":true,"href":"https:\/\/www.giurgiuveanul.ro\/stiri\/wp-json\/wp\/v2\/users\/2"}],"replies":[{"embeddable":true,"href":"https:\/\/www.giurgiuveanul.ro\/stiri\/wp-json\/wp\/v2\/comments?post=97195"}],"version-history":[{"count":0,"href":"https:\/\/www.giurgiuveanul.ro\/stiri\/wp-json\/wp\/v2\/posts\/97195\/revisions"}],"wp:attachment":[{"href":"https:\/\/www.giurgiuveanul.ro\/stiri\/wp-json\/wp\/v2\/media?parent=97195"}],"wp:term":[{"taxonomy":"category","embeddable":true,"href":"https:\/\/www.giurgiuveanul.ro\/stiri\/wp-json\/wp\/v2\/categories?post=97195"},{"taxonomy":"post_tag","embeddable":true,"href":"https:\/\/www.giurgiuveanul.ro\/stiri\/wp-json\/wp\/v2\/tags?post=97195"}],"curies":[{"name":"wp","href":"https:\/\/api.w.org\/{rel}","templated":true}]}}