{"id":97202,"date":"2023-04-16T14:47:29","date_gmt":"2023-04-16T11:47:29","guid":{"rendered":"https:\/\/www.giurgiuveanul.ro\/stiri\/?p=97202"},"modified":"2023-04-16T14:47:29","modified_gmt":"2023-04-16T11:47:29","slug":"dan-rusu-primarul-comunei-adunatii-copaceni-mesaj-de-sfintele-pasti","status":"publish","type":"post","link":"https:\/\/www.giurgiuveanul.ro\/stiri\/dan-rusu-primarul-comunei-adunatii-copaceni-mesaj-de-sfintele-pasti\/","title":{"rendered":"Dan Rusu, primarul comunei Aduna\u0163ii-Cop\u0103ceni, mesaj de Sfintele Pa\u015fti!"},"content":{"rendered":"<p style=\"text-align: justify;\"><a href=\"https:\/\/www.giurgiuveanul.ro\/stiri\/wp-content\/uploads\/2023\/04\/81299234_571645676768685_7220544128629604352_n.jpg\"><img loading=\"lazy\" decoding=\"async\" class=\"aligncenter  wp-image-97203\" src=\"https:\/\/www.giurgiuveanul.ro\/stiri\/wp-content\/uploads\/2023\/04\/81299234_571645676768685_7220544128629604352_n-488x450.jpg\" alt=\"\" width=\"557\" height=\"513\" srcset=\"https:\/\/www.giurgiuveanul.ro\/stiri\/wp-content\/uploads\/2023\/04\/81299234_571645676768685_7220544128629604352_n-488x450.jpg 488w, https:\/\/www.giurgiuveanul.ro\/stiri\/wp-content\/uploads\/2023\/04\/81299234_571645676768685_7220544128629604352_n-250x231.jpg 250w, https:\/\/www.giurgiuveanul.ro\/stiri\/wp-content\/uploads\/2023\/04\/81299234_571645676768685_7220544128629604352_n-400x369.jpg 400w, https:\/\/www.giurgiuveanul.ro\/stiri\/wp-content\/uploads\/2023\/04\/81299234_571645676768685_7220544128629604352_n.jpg 542w\" sizes=\"auto, (max-width: 557px) 100vw, 557px\" \/><\/a>Azi, \u00een zi de s\u0103rb\u0103toare,<!--more--> s\u0103 coboare lini\u015ftea \u015fi pacea. Minunea \u00cenvierii lui Iisus s\u0103 d\u0103inuie \u00een inimile voastre, s\u0103 v\u0103 lumineze via\u0163a \u015fi s\u0103 v\u0103 aduca rena\u015fterea credin\u0163ei, speran\u0163ei, bucuriei cu bun\u0103tate \u015fi c\u0103ldur\u0103 \u00een suflete!<\/p>\n<p style=\"text-align: justify;\">Hristos a \u00cenviat!<\/p>\n","protected":false},"excerpt":{"rendered":"<p>Azi, \u00een zi de s\u0103rb\u0103toare,<\/p>\n","protected":false},"author":2,"featured_media":0,"comment_status":"open","ping_status":"open","sticky":false,"template":"","format":"standard","meta":{"footnotes":""},"categories":[6],"tags":[],"class_list":["post-97202","post","type-post","status-publish","format-standard","hentry","category-breaking-news"],"_links":{"self":[{"href":"https:\/\/www.giurgiuveanul.ro\/stiri\/wp-json\/wp\/v2\/posts\/97202","targetHints":{"allow":["GET"]}}],"collection":[{"href":"https:\/\/www.giurgiuveanul.ro\/stiri\/wp-json\/wp\/v2\/posts"}],"about":[{"href":"https:\/\/www.giurgiuveanul.ro\/stiri\/wp-json\/wp\/v2\/types\/post"}],"author":[{"embeddable":true,"href":"https:\/\/www.giurgiuveanul.ro\/stiri\/wp-json\/wp\/v2\/users\/2"}],"replies":[{"embeddable":true,"href":"https:\/\/www.giurgiuveanul.ro\/stiri\/wp-json\/wp\/v2\/comments?post=97202"}],"version-history":[{"count":0,"href":"https:\/\/www.giurgiuveanul.ro\/stiri\/wp-json\/wp\/v2\/posts\/97202\/revisions"}],"wp:attachment":[{"href":"https:\/\/www.giurgiuveanul.ro\/stiri\/wp-json\/wp\/v2\/media?parent=97202"}],"wp:term":[{"taxonomy":"category","embeddable":true,"href":"https:\/\/www.giurgiuveanul.ro\/stiri\/wp-json\/wp\/v2\/categories?post=97202"},{"taxonomy":"post_tag","embeddable":true,"href":"https:\/\/www.giurgiuveanul.ro\/stiri\/wp-json\/wp\/v2\/tags?post=97202"}],"curies":[{"name":"wp","href":"https:\/\/api.w.org\/{rel}","templated":true}]}}