{"id":97205,"date":"2023-04-16T14:59:13","date_gmt":"2023-04-16T11:59:13","guid":{"rendered":"https:\/\/www.giurgiuveanul.ro\/stiri\/?p=97205"},"modified":"2023-04-16T14:59:39","modified_gmt":"2023-04-16T11:59:39","slug":"marian-negru-primarul-comunei-letca-noua-mesaj-de-sfintele-pasti-2","status":"publish","type":"post","link":"https:\/\/www.giurgiuveanul.ro\/stiri\/marian-negru-primarul-comunei-letca-noua-mesaj-de-sfintele-pasti-2\/","title":{"rendered":"Marian Negru, primarul comunei Letca Nou\u0103, mesaj de Sfintele Pa\u015fti!"},"content":{"rendered":"<p style=\"text-align: justify;\"><a href=\"https:\/\/www.giurgiuveanul.ro\/stiri\/wp-content\/uploads\/2023\/04\/339563615_1305257810027574_1925719205117893104_n.jpg\"><img loading=\"lazy\" decoding=\"async\" class=\"aligncenter wp-image-97206\" src=\"https:\/\/www.giurgiuveanul.ro\/stiri\/wp-content\/uploads\/2023\/04\/339563615_1305257810027574_1925719205117893104_n-521x450.jpg\" alt=\"\" width=\"569\" height=\"492\" srcset=\"https:\/\/www.giurgiuveanul.ro\/stiri\/wp-content\/uploads\/2023\/04\/339563615_1305257810027574_1925719205117893104_n-521x450.jpg 521w, https:\/\/www.giurgiuveanul.ro\/stiri\/wp-content\/uploads\/2023\/04\/339563615_1305257810027574_1925719205117893104_n-250x216.jpg 250w, https:\/\/www.giurgiuveanul.ro\/stiri\/wp-content\/uploads\/2023\/04\/339563615_1305257810027574_1925719205117893104_n-768x664.jpg 768w, https:\/\/www.giurgiuveanul.ro\/stiri\/wp-content\/uploads\/2023\/04\/339563615_1305257810027574_1925719205117893104_n-400x346.jpg 400w, https:\/\/www.giurgiuveanul.ro\/stiri\/wp-content\/uploads\/2023\/04\/339563615_1305257810027574_1925719205117893104_n.jpg 1500w\" sizes=\"auto, (max-width: 569px) 100vw, 569px\" \/><\/a>S\u0103 purt\u0103m Lumina \u00cenvierii \u00een suflet, s\u0103 fim<!--more--> cu g\u00e2ndul la cei dragi, care de\u0219i sunt departe de noi fizic, \u00eei sim\u021bim \u00eentotdeauna aproape de noi. Cu prilejul acestei S\u0103rb\u0103tori a \u00cenvierii v\u0103 transmit un g\u00e2nd sincer al pre\u021buirii. S\u0103 ave\u021bi parte de momente \u00eenc\u0103rcate de bucurie al\u0103turi de to\u021bi cei dragi.<\/p>\n<p><strong>S\u0103rb\u0103tori Fericite tuturor! Hristos a \u00cenviat!<\/strong><\/p>\n","protected":false},"excerpt":{"rendered":"<p>S\u0103 purt\u0103m Lumina \u00cenvierii \u00een suflet, s\u0103 fim<\/p>\n","protected":false},"author":2,"featured_media":0,"comment_status":"open","ping_status":"open","sticky":false,"template":"","format":"standard","meta":{"footnotes":""},"categories":[6],"tags":[],"class_list":["post-97205","post","type-post","status-publish","format-standard","hentry","category-breaking-news"],"_links":{"self":[{"href":"https:\/\/www.giurgiuveanul.ro\/stiri\/wp-json\/wp\/v2\/posts\/97205","targetHints":{"allow":["GET"]}}],"collection":[{"href":"https:\/\/www.giurgiuveanul.ro\/stiri\/wp-json\/wp\/v2\/posts"}],"about":[{"href":"https:\/\/www.giurgiuveanul.ro\/stiri\/wp-json\/wp\/v2\/types\/post"}],"author":[{"embeddable":true,"href":"https:\/\/www.giurgiuveanul.ro\/stiri\/wp-json\/wp\/v2\/users\/2"}],"replies":[{"embeddable":true,"href":"https:\/\/www.giurgiuveanul.ro\/stiri\/wp-json\/wp\/v2\/comments?post=97205"}],"version-history":[{"count":0,"href":"https:\/\/www.giurgiuveanul.ro\/stiri\/wp-json\/wp\/v2\/posts\/97205\/revisions"}],"wp:attachment":[{"href":"https:\/\/www.giurgiuveanul.ro\/stiri\/wp-json\/wp\/v2\/media?parent=97205"}],"wp:term":[{"taxonomy":"category","embeddable":true,"href":"https:\/\/www.giurgiuveanul.ro\/stiri\/wp-json\/wp\/v2\/categories?post=97205"},{"taxonomy":"post_tag","embeddable":true,"href":"https:\/\/www.giurgiuveanul.ro\/stiri\/wp-json\/wp\/v2\/tags?post=97205"}],"curies":[{"name":"wp","href":"https:\/\/api.w.org\/{rel}","templated":true}]}}