{"id":97209,"date":"2023-04-16T15:08:43","date_gmt":"2023-04-16T12:08:43","guid":{"rendered":"https:\/\/www.giurgiuveanul.ro\/stiri\/?p=97209"},"modified":"2023-04-16T15:08:43","modified_gmt":"2023-04-16T12:08:43","slug":"constantin-carapanceanu-primarul-comunei-ghimpati-mesaj-de-sfintele-pasti-2","status":"publish","type":"post","link":"https:\/\/www.giurgiuveanul.ro\/stiri\/constantin-carapanceanu-primarul-comunei-ghimpati-mesaj-de-sfintele-pasti-2\/","title":{"rendered":"Constantin C\u0103r\u0103p\u0103nceanu, primarul comunei Ghimpa\u0163i, mesaj de Sfintele Pa\u015fti!"},"content":{"rendered":"<p style=\"text-align: justify;\"><a href=\"https:\/\/www.giurgiuveanul.ro\/stiri\/wp-content\/uploads\/2022\/12\/carapanceanu.jpg\"><img loading=\"lazy\" decoding=\"async\" class=\"aligncenter  wp-image-94396\" src=\"https:\/\/www.giurgiuveanul.ro\/stiri\/wp-content\/uploads\/2022\/12\/carapanceanu-553x450.jpg\" alt=\"\" width=\"571\" height=\"465\" srcset=\"https:\/\/www.giurgiuveanul.ro\/stiri\/wp-content\/uploads\/2022\/12\/carapanceanu-553x450.jpg 553w, https:\/\/www.giurgiuveanul.ro\/stiri\/wp-content\/uploads\/2022\/12\/carapanceanu-250x203.jpg 250w, https:\/\/www.giurgiuveanul.ro\/stiri\/wp-content\/uploads\/2022\/12\/carapanceanu-768x625.jpg 768w, https:\/\/www.giurgiuveanul.ro\/stiri\/wp-content\/uploads\/2022\/12\/carapanceanu-400x325.jpg 400w, https:\/\/www.giurgiuveanul.ro\/stiri\/wp-content\/uploads\/2022\/12\/carapanceanu.jpg 900w\" sizes=\"auto, (max-width: 571px) 100vw, 571px\" \/><\/a>Tuturor giurgiuvenilor le doresc ca<!--more--> S\u0103rb\u0103torile Pascale s\u0103 le aduc\u0103 lini\u0219tea \u00een case \u0219i \u00een suflet \u0219i s\u0103 \u00eei g\u0103seasc\u0103 \u00een pace \u0219i cu bucurie, al\u0103turi de familie \u0219i prieteni. Spiritul celei mai mari s\u0103rb\u0103tori cre\u0219tine s\u0103 v\u0103 \u00eent\u0103reasc\u0103 \u00een credin\u021b\u0103.<\/p>\n<p style=\"text-align: justify;\"><strong>Pa\u0219te Fericit! Hristos a \u00cenviat!<\/strong><\/p>\n","protected":false},"excerpt":{"rendered":"<p>Tuturor giurgiuvenilor le doresc ca<\/p>\n","protected":false},"author":2,"featured_media":0,"comment_status":"open","ping_status":"open","sticky":false,"template":"","format":"standard","meta":{"footnotes":""},"categories":[6],"tags":[],"class_list":["post-97209","post","type-post","status-publish","format-standard","hentry","category-breaking-news"],"_links":{"self":[{"href":"https:\/\/www.giurgiuveanul.ro\/stiri\/wp-json\/wp\/v2\/posts\/97209","targetHints":{"allow":["GET"]}}],"collection":[{"href":"https:\/\/www.giurgiuveanul.ro\/stiri\/wp-json\/wp\/v2\/posts"}],"about":[{"href":"https:\/\/www.giurgiuveanul.ro\/stiri\/wp-json\/wp\/v2\/types\/post"}],"author":[{"embeddable":true,"href":"https:\/\/www.giurgiuveanul.ro\/stiri\/wp-json\/wp\/v2\/users\/2"}],"replies":[{"embeddable":true,"href":"https:\/\/www.giurgiuveanul.ro\/stiri\/wp-json\/wp\/v2\/comments?post=97209"}],"version-history":[{"count":0,"href":"https:\/\/www.giurgiuveanul.ro\/stiri\/wp-json\/wp\/v2\/posts\/97209\/revisions"}],"wp:attachment":[{"href":"https:\/\/www.giurgiuveanul.ro\/stiri\/wp-json\/wp\/v2\/media?parent=97209"}],"wp:term":[{"taxonomy":"category","embeddable":true,"href":"https:\/\/www.giurgiuveanul.ro\/stiri\/wp-json\/wp\/v2\/categories?post=97209"},{"taxonomy":"post_tag","embeddable":true,"href":"https:\/\/www.giurgiuveanul.ro\/stiri\/wp-json\/wp\/v2\/tags?post=97209"}],"curies":[{"name":"wp","href":"https:\/\/api.w.org\/{rel}","templated":true}]}}