{"id":97220,"date":"2023-04-16T15:31:08","date_gmt":"2023-04-16T12:31:08","guid":{"rendered":"https:\/\/www.giurgiuveanul.ro\/stiri\/?p=97220"},"modified":"2023-04-16T15:31:25","modified_gmt":"2023-04-16T12:31:25","slug":"viorel-rotaru-primarul-comunei-baneasa-mesaj-de-sfintele-pasti-2","status":"publish","type":"post","link":"https:\/\/www.giurgiuveanul.ro\/stiri\/viorel-rotaru-primarul-comunei-baneasa-mesaj-de-sfintele-pasti-2\/","title":{"rendered":"Viorel Rotaru, primarul comunei B\u0103neasa, mesaj de Sfintele Pa\u015fti!"},"content":{"rendered":"<p style=\"text-align: justify;\"><a href=\"https:\/\/www.giurgiuveanul.ro\/stiri\/wp-content\/uploads\/2022\/12\/WhatsApp-Image-2022-12-25-at-14.23.23.jpeg\"><img loading=\"lazy\" decoding=\"async\" class=\"aligncenter wp-image-94387\" src=\"https:\/\/www.giurgiuveanul.ro\/stiri\/wp-content\/uploads\/2022\/12\/WhatsApp-Image-2022-12-25-at-14.23.23-521x450.jpeg\" alt=\"\" width=\"573\" height=\"495\" srcset=\"https:\/\/www.giurgiuveanul.ro\/stiri\/wp-content\/uploads\/2022\/12\/WhatsApp-Image-2022-12-25-at-14.23.23-521x450.jpeg 521w, https:\/\/www.giurgiuveanul.ro\/stiri\/wp-content\/uploads\/2022\/12\/WhatsApp-Image-2022-12-25-at-14.23.23-250x216.jpeg 250w, https:\/\/www.giurgiuveanul.ro\/stiri\/wp-content\/uploads\/2022\/12\/WhatsApp-Image-2022-12-25-at-14.23.23-768x664.jpeg 768w, https:\/\/www.giurgiuveanul.ro\/stiri\/wp-content\/uploads\/2022\/12\/WhatsApp-Image-2022-12-25-at-14.23.23-400x346.jpeg 400w, https:\/\/www.giurgiuveanul.ro\/stiri\/wp-content\/uploads\/2022\/12\/WhatsApp-Image-2022-12-25-at-14.23.23.jpeg 900w\" sizes=\"auto, (max-width: 573px) 100vw, 573px\" \/><\/a>Sf\u00e2nta S\u0103rb\u0103toare de Pa\u0219ti<!--more--> s\u0103 v\u0103 fac\u0103 via\u021ba mai frumoas\u0103, mai bogat\u0103 \u0219i mai \u00eemplinit\u0103. Fie ca \u00cenvierea M\u00eentuitorului s\u0103 v\u0103 aduc\u0103 lumin\u0103, c\u0103ldur\u0103 \u0219i iubire \u00een suflete \u0219i cugete.<\/p>\n<p style=\"text-align: justify;\">Tuturor giurgiuvenilor \u015fi familiilor acestora le transmit, cu drag, urarea unui PA\u0218TE FERICIT! HRISTOS A \u00ceNVIAT!<\/p>\n","protected":false},"excerpt":{"rendered":"<p>Sf\u00e2nta S\u0103rb\u0103toare de Pa\u0219ti<\/p>\n","protected":false},"author":2,"featured_media":0,"comment_status":"open","ping_status":"open","sticky":false,"template":"","format":"standard","meta":{"footnotes":""},"categories":[6],"tags":[],"class_list":["post-97220","post","type-post","status-publish","format-standard","hentry","category-breaking-news"],"_links":{"self":[{"href":"https:\/\/www.giurgiuveanul.ro\/stiri\/wp-json\/wp\/v2\/posts\/97220","targetHints":{"allow":["GET"]}}],"collection":[{"href":"https:\/\/www.giurgiuveanul.ro\/stiri\/wp-json\/wp\/v2\/posts"}],"about":[{"href":"https:\/\/www.giurgiuveanul.ro\/stiri\/wp-json\/wp\/v2\/types\/post"}],"author":[{"embeddable":true,"href":"https:\/\/www.giurgiuveanul.ro\/stiri\/wp-json\/wp\/v2\/users\/2"}],"replies":[{"embeddable":true,"href":"https:\/\/www.giurgiuveanul.ro\/stiri\/wp-json\/wp\/v2\/comments?post=97220"}],"version-history":[{"count":0,"href":"https:\/\/www.giurgiuveanul.ro\/stiri\/wp-json\/wp\/v2\/posts\/97220\/revisions"}],"wp:attachment":[{"href":"https:\/\/www.giurgiuveanul.ro\/stiri\/wp-json\/wp\/v2\/media?parent=97220"}],"wp:term":[{"taxonomy":"category","embeddable":true,"href":"https:\/\/www.giurgiuveanul.ro\/stiri\/wp-json\/wp\/v2\/categories?post=97220"},{"taxonomy":"post_tag","embeddable":true,"href":"https:\/\/www.giurgiuveanul.ro\/stiri\/wp-json\/wp\/v2\/tags?post=97220"}],"curies":[{"name":"wp","href":"https:\/\/api.w.org\/{rel}","templated":true}]}}