{"id":97223,"date":"2023-04-16T15:34:45","date_gmt":"2023-04-16T12:34:45","guid":{"rendered":"https:\/\/www.giurgiuveanul.ro\/stiri\/?p=97223"},"modified":"2023-04-16T15:35:02","modified_gmt":"2023-04-16T12:35:02","slug":"florin-nidelea-primarul-comunei-clejani-mesaj-de-sfintele-pasti-2","status":"publish","type":"post","link":"https:\/\/www.giurgiuveanul.ro\/stiri\/florin-nidelea-primarul-comunei-clejani-mesaj-de-sfintele-pasti-2\/","title":{"rendered":"Florin Nidelea, primarul comunei Clejani, mesaj de Sfintele Pa\u015fti!"},"content":{"rendered":"<p style=\"text-align: justify;\"><a href=\"https:\/\/www.giurgiuveanul.ro\/stiri\/wp-content\/uploads\/2022\/12\/130301455_1521175374749156_1861598176232925156_o.jpg\"><img loading=\"lazy\" decoding=\"async\" class=\"aligncenter wp-image-94384\" src=\"https:\/\/www.giurgiuveanul.ro\/stiri\/wp-content\/uploads\/2022\/12\/130301455_1521175374749156_1861598176232925156_o-339x450.jpg\" alt=\"\" width=\"569\" height=\"755\" srcset=\"https:\/\/www.giurgiuveanul.ro\/stiri\/wp-content\/uploads\/2022\/12\/130301455_1521175374749156_1861598176232925156_o-339x450.jpg 339w, https:\/\/www.giurgiuveanul.ro\/stiri\/wp-content\/uploads\/2022\/12\/130301455_1521175374749156_1861598176232925156_o-226x300.jpg 226w, https:\/\/www.giurgiuveanul.ro\/stiri\/wp-content\/uploads\/2022\/12\/130301455_1521175374749156_1861598176232925156_o-768x1019.jpg 768w, https:\/\/www.giurgiuveanul.ro\/stiri\/wp-content\/uploads\/2022\/12\/130301455_1521175374749156_1861598176232925156_o-1158x1536.jpg 1158w, https:\/\/www.giurgiuveanul.ro\/stiri\/wp-content\/uploads\/2022\/12\/130301455_1521175374749156_1861598176232925156_o-400x531.jpg 400w, https:\/\/www.giurgiuveanul.ro\/stiri\/wp-content\/uploads\/2022\/12\/130301455_1521175374749156_1861598176232925156_o.jpg 1413w\" sizes=\"auto, (max-width: 569px) 100vw, 569px\" \/><\/a>V\u0103 doresc tuturor un Pa\u0219te Fericit<!--more--> al\u0103turi de cei dragi. Lumina \u00cenvierii s\u0103 ne deschid\u0103 inimile pentru bun\u0103tate \u0219i iertare.<\/p>\n<p style=\"text-align: justify;\">S\u0103 avem un Pa\u0219te binecuv\u00e2ntat.<\/p>\n<p style=\"text-align: justify;\"><strong>Hristos a \u00cenviat!<\/strong><\/p>\n","protected":false},"excerpt":{"rendered":"<p>V\u0103 doresc tuturor un Pa\u0219te Fericit<\/p>\n","protected":false},"author":2,"featured_media":0,"comment_status":"open","ping_status":"open","sticky":false,"template":"","format":"standard","meta":{"footnotes":""},"categories":[6],"tags":[],"class_list":["post-97223","post","type-post","status-publish","format-standard","hentry","category-breaking-news"],"_links":{"self":[{"href":"https:\/\/www.giurgiuveanul.ro\/stiri\/wp-json\/wp\/v2\/posts\/97223","targetHints":{"allow":["GET"]}}],"collection":[{"href":"https:\/\/www.giurgiuveanul.ro\/stiri\/wp-json\/wp\/v2\/posts"}],"about":[{"href":"https:\/\/www.giurgiuveanul.ro\/stiri\/wp-json\/wp\/v2\/types\/post"}],"author":[{"embeddable":true,"href":"https:\/\/www.giurgiuveanul.ro\/stiri\/wp-json\/wp\/v2\/users\/2"}],"replies":[{"embeddable":true,"href":"https:\/\/www.giurgiuveanul.ro\/stiri\/wp-json\/wp\/v2\/comments?post=97223"}],"version-history":[{"count":0,"href":"https:\/\/www.giurgiuveanul.ro\/stiri\/wp-json\/wp\/v2\/posts\/97223\/revisions"}],"wp:attachment":[{"href":"https:\/\/www.giurgiuveanul.ro\/stiri\/wp-json\/wp\/v2\/media?parent=97223"}],"wp:term":[{"taxonomy":"category","embeddable":true,"href":"https:\/\/www.giurgiuveanul.ro\/stiri\/wp-json\/wp\/v2\/categories?post=97223"},{"taxonomy":"post_tag","embeddable":true,"href":"https:\/\/www.giurgiuveanul.ro\/stiri\/wp-json\/wp\/v2\/tags?post=97223"}],"curies":[{"name":"wp","href":"https:\/\/api.w.org\/{rel}","templated":true}]}}