{"id":97226,"date":"2023-04-16T15:41:42","date_gmt":"2023-04-16T12:41:42","guid":{"rendered":"https:\/\/www.giurgiuveanul.ro\/stiri\/?p=97226"},"modified":"2023-04-16T15:42:51","modified_gmt":"2023-04-16T12:42:51","slug":"gheorghe-breazu-primarul-comunei-singureni-mesaj-de-sfintele-pasti","status":"publish","type":"post","link":"https:\/\/www.giurgiuveanul.ro\/stiri\/gheorghe-breazu-primarul-comunei-singureni-mesaj-de-sfintele-pasti\/","title":{"rendered":"Gheorghe Breazu, primarul comunei Putineiu, mesaj de Sfintele Pa\u015fti!"},"content":{"rendered":"<p style=\"text-align: justify;\"><a href=\"https:\/\/www.giurgiuveanul.ro\/stiri\/wp-content\/uploads\/2022\/12\/118775648_101875794995082_5186801928843653969_n.jpg\"><img loading=\"lazy\" decoding=\"async\" class=\"aligncenter wp-image-94421\" src=\"https:\/\/www.giurgiuveanul.ro\/stiri\/wp-content\/uploads\/2022\/12\/118775648_101875794995082_5186801928843653969_n-456x450.jpg\" alt=\"\" width=\"572\" height=\"564\" srcset=\"https:\/\/www.giurgiuveanul.ro\/stiri\/wp-content\/uploads\/2022\/12\/118775648_101875794995082_5186801928843653969_n-456x450.jpg 456w, https:\/\/www.giurgiuveanul.ro\/stiri\/wp-content\/uploads\/2022\/12\/118775648_101875794995082_5186801928843653969_n-250x247.jpg 250w, https:\/\/www.giurgiuveanul.ro\/stiri\/wp-content\/uploads\/2022\/12\/118775648_101875794995082_5186801928843653969_n-768x758.jpg 768w, https:\/\/www.giurgiuveanul.ro\/stiri\/wp-content\/uploads\/2022\/12\/118775648_101875794995082_5186801928843653969_n-400x395.jpg 400w, https:\/\/www.giurgiuveanul.ro\/stiri\/wp-content\/uploads\/2022\/12\/118775648_101875794995082_5186801928843653969_n.jpg 1185w\" sizes=\"auto, (max-width: 572px) 100vw, 572px\" \/><\/a>\u00cen aceste zile sfinte de s\u0103rb\u0103toare,<!--more--> v\u0103 doresc s\u0103 petrece\u021bi clipe pline de c\u0103ldur\u0103, armonie \u0219i iubire, al\u0103turi de cei dragi. Pa\u0219te Fericit, Lumin\u0103 \u00een suflet, iar Bucuria \u00cenvierii s\u0103 v\u0103 aduc\u0103 lini\u0219te \u0219i speran\u021b\u0103 pentru mai bine.<\/p>\n<p style=\"text-align: justify;\">Pa\u015fte Fericit! Hristos a \u00cenviat!<\/p>\n","protected":false},"excerpt":{"rendered":"<p>\u00cen aceste zile sfinte de s\u0103rb\u0103toare,<\/p>\n","protected":false},"author":2,"featured_media":0,"comment_status":"open","ping_status":"open","sticky":false,"template":"","format":"standard","meta":{"footnotes":""},"categories":[6],"tags":[],"class_list":["post-97226","post","type-post","status-publish","format-standard","hentry","category-breaking-news"],"_links":{"self":[{"href":"https:\/\/www.giurgiuveanul.ro\/stiri\/wp-json\/wp\/v2\/posts\/97226","targetHints":{"allow":["GET"]}}],"collection":[{"href":"https:\/\/www.giurgiuveanul.ro\/stiri\/wp-json\/wp\/v2\/posts"}],"about":[{"href":"https:\/\/www.giurgiuveanul.ro\/stiri\/wp-json\/wp\/v2\/types\/post"}],"author":[{"embeddable":true,"href":"https:\/\/www.giurgiuveanul.ro\/stiri\/wp-json\/wp\/v2\/users\/2"}],"replies":[{"embeddable":true,"href":"https:\/\/www.giurgiuveanul.ro\/stiri\/wp-json\/wp\/v2\/comments?post=97226"}],"version-history":[{"count":0,"href":"https:\/\/www.giurgiuveanul.ro\/stiri\/wp-json\/wp\/v2\/posts\/97226\/revisions"}],"wp:attachment":[{"href":"https:\/\/www.giurgiuveanul.ro\/stiri\/wp-json\/wp\/v2\/media?parent=97226"}],"wp:term":[{"taxonomy":"category","embeddable":true,"href":"https:\/\/www.giurgiuveanul.ro\/stiri\/wp-json\/wp\/v2\/categories?post=97226"},{"taxonomy":"post_tag","embeddable":true,"href":"https:\/\/www.giurgiuveanul.ro\/stiri\/wp-json\/wp\/v2\/tags?post=97226"}],"curies":[{"name":"wp","href":"https:\/\/api.w.org\/{rel}","templated":true}]}}