{"id":97236,"date":"2023-04-16T15:53:48","date_gmt":"2023-04-16T12:53:48","guid":{"rendered":"https:\/\/www.giurgiuveanul.ro\/stiri\/?p=97236"},"modified":"2023-04-16T15:53:48","modified_gmt":"2023-04-16T12:53:48","slug":"adrian-florin-serban-primarul-comunei-daia-mesaj-de-sfintele-pasti","status":"publish","type":"post","link":"https:\/\/www.giurgiuveanul.ro\/stiri\/adrian-florin-serban-primarul-comunei-daia-mesaj-de-sfintele-pasti\/","title":{"rendered":"Adrian Florin \u015eerban, primarul comunei Daia, mesaj de Sfintele Pa\u015fti!"},"content":{"rendered":"<p style=\"text-align: justify;\"><a href=\"https:\/\/www.giurgiuveanul.ro\/stiri\/wp-content\/uploads\/2023\/04\/WhatsApp-Image-2022-06-24-at-7.11.39-PM-1536x1369-1.jpg\"><img loading=\"lazy\" decoding=\"async\" class=\"aligncenter  wp-image-97237\" src=\"https:\/\/www.giurgiuveanul.ro\/stiri\/wp-content\/uploads\/2023\/04\/WhatsApp-Image-2022-06-24-at-7.11.39-PM-1536x1369-1-505x450.jpg\" alt=\"\" width=\"575\" height=\"512\" srcset=\"https:\/\/www.giurgiuveanul.ro\/stiri\/wp-content\/uploads\/2023\/04\/WhatsApp-Image-2022-06-24-at-7.11.39-PM-1536x1369-1-505x450.jpg 505w, https:\/\/www.giurgiuveanul.ro\/stiri\/wp-content\/uploads\/2023\/04\/WhatsApp-Image-2022-06-24-at-7.11.39-PM-1536x1369-1-250x223.jpg 250w, https:\/\/www.giurgiuveanul.ro\/stiri\/wp-content\/uploads\/2023\/04\/WhatsApp-Image-2022-06-24-at-7.11.39-PM-1536x1369-1-768x685.jpg 768w, https:\/\/www.giurgiuveanul.ro\/stiri\/wp-content\/uploads\/2023\/04\/WhatsApp-Image-2022-06-24-at-7.11.39-PM-1536x1369-1-400x357.jpg 400w, https:\/\/www.giurgiuveanul.ro\/stiri\/wp-content\/uploads\/2023\/04\/WhatsApp-Image-2022-06-24-at-7.11.39-PM-1536x1369-1.jpg 1536w\" sizes=\"auto, (max-width: 575px) 100vw, 575px\" \/><\/a>Dincolo de cadouri,<!--more--> de petreceri, se afl\u0103 adev\u0103rata semnifica\u021bie a Pa\u0219telui. A sosit clipa mult a\u0219teptat\u0103 a lini\u0219tirii, \u00eemp\u0103c\u0103rii, bucuriei \u0219i binecuv\u00e2nt\u0103rii sufletului. S\u0103 l\u0103s\u0103m o clip\u0103 grijile \u0219i s\u0103 mul\u021bumim Domnului pentru tot ce ne-a d\u0103ruit!<\/p>\n<p style=\"text-align: justify;\">HRISTOS A \u00ceNVIAT!<\/p>\n","protected":false},"excerpt":{"rendered":"<p>Dincolo de cadouri,<\/p>\n","protected":false},"author":2,"featured_media":0,"comment_status":"open","ping_status":"open","sticky":false,"template":"","format":"standard","meta":{"footnotes":""},"categories":[6],"tags":[],"class_list":["post-97236","post","type-post","status-publish","format-standard","hentry","category-breaking-news"],"_links":{"self":[{"href":"https:\/\/www.giurgiuveanul.ro\/stiri\/wp-json\/wp\/v2\/posts\/97236","targetHints":{"allow":["GET"]}}],"collection":[{"href":"https:\/\/www.giurgiuveanul.ro\/stiri\/wp-json\/wp\/v2\/posts"}],"about":[{"href":"https:\/\/www.giurgiuveanul.ro\/stiri\/wp-json\/wp\/v2\/types\/post"}],"author":[{"embeddable":true,"href":"https:\/\/www.giurgiuveanul.ro\/stiri\/wp-json\/wp\/v2\/users\/2"}],"replies":[{"embeddable":true,"href":"https:\/\/www.giurgiuveanul.ro\/stiri\/wp-json\/wp\/v2\/comments?post=97236"}],"version-history":[{"count":0,"href":"https:\/\/www.giurgiuveanul.ro\/stiri\/wp-json\/wp\/v2\/posts\/97236\/revisions"}],"wp:attachment":[{"href":"https:\/\/www.giurgiuveanul.ro\/stiri\/wp-json\/wp\/v2\/media?parent=97236"}],"wp:term":[{"taxonomy":"category","embeddable":true,"href":"https:\/\/www.giurgiuveanul.ro\/stiri\/wp-json\/wp\/v2\/categories?post=97236"},{"taxonomy":"post_tag","embeddable":true,"href":"https:\/\/www.giurgiuveanul.ro\/stiri\/wp-json\/wp\/v2\/tags?post=97236"}],"curies":[{"name":"wp","href":"https:\/\/api.w.org\/{rel}","templated":true}]}}