{"id":97239,"date":"2023-04-16T15:56:45","date_gmt":"2023-04-16T12:56:45","guid":{"rendered":"https:\/\/www.giurgiuveanul.ro\/stiri\/?p=97239"},"modified":"2023-04-16T15:57:03","modified_gmt":"2023-04-16T12:57:03","slug":"petre-nicolae-primarul-comunei-ulmi-mesaj-de-sfintele-pasti","status":"publish","type":"post","link":"https:\/\/www.giurgiuveanul.ro\/stiri\/petre-nicolae-primarul-comunei-ulmi-mesaj-de-sfintele-pasti\/","title":{"rendered":"Petre Nicolae, primarul comunei Ulmi, mesaj de Sfintele Pa\u015fti!"},"content":{"rendered":"<p style=\"text-align: justify;\"><a href=\"https:\/\/www.giurgiuveanul.ro\/stiri\/wp-content\/uploads\/2023\/04\/petre-nicolae.jpg\"><img loading=\"lazy\" decoding=\"async\" class=\"aligncenter wp-image-97240\" src=\"https:\/\/www.giurgiuveanul.ro\/stiri\/wp-content\/uploads\/2023\/04\/petre-nicolae-519x450.jpg\" alt=\"\" width=\"572\" height=\"496\" srcset=\"https:\/\/www.giurgiuveanul.ro\/stiri\/wp-content\/uploads\/2023\/04\/petre-nicolae-519x450.jpg 519w, https:\/\/www.giurgiuveanul.ro\/stiri\/wp-content\/uploads\/2023\/04\/petre-nicolae-250x217.jpg 250w, https:\/\/www.giurgiuveanul.ro\/stiri\/wp-content\/uploads\/2023\/04\/petre-nicolae-768x666.jpg 768w, https:\/\/www.giurgiuveanul.ro\/stiri\/wp-content\/uploads\/2023\/04\/petre-nicolae-400x347.jpg 400w, https:\/\/www.giurgiuveanul.ro\/stiri\/wp-content\/uploads\/2023\/04\/petre-nicolae.jpg 900w\" sizes=\"auto, (max-width: 572px) 100vw, 572px\" \/><\/a>S\u0103rb\u0103toarea sf\u00e2nt\u0103 a \u00cenvierii Domnului<!--more--> s\u0103 v\u0103 aduc\u0103 s\u0103n\u0103tate \u0219i fericire, iar lumina din noaptea sf\u00e2nt\u0103 s\u0103 v\u0103 \u00eenc\u0103lzeasc\u0103 sufletele \u0219i s\u0103 v\u0103 d\u0103ruiasc\u0103 lini\u0219te sufleteasc\u0103 \u0219i bucurii al\u0103turi de cei dragi.<\/p>\n<p style=\"text-align: justify;\"><strong>S\u0102RB\u0102TORI PASCALE BINECUV\u00c2NTATE!<\/strong><\/p>\n<p style=\"text-align: justify;\"><strong>HRISTOS A \u00ceNVIAT!<\/strong><\/p>\n","protected":false},"excerpt":{"rendered":"<p>S\u0103rb\u0103toarea sf\u00e2nt\u0103 a \u00cenvierii Domnului<\/p>\n","protected":false},"author":2,"featured_media":0,"comment_status":"open","ping_status":"open","sticky":false,"template":"","format":"standard","meta":{"footnotes":""},"categories":[6],"tags":[],"class_list":["post-97239","post","type-post","status-publish","format-standard","hentry","category-breaking-news"],"_links":{"self":[{"href":"https:\/\/www.giurgiuveanul.ro\/stiri\/wp-json\/wp\/v2\/posts\/97239","targetHints":{"allow":["GET"]}}],"collection":[{"href":"https:\/\/www.giurgiuveanul.ro\/stiri\/wp-json\/wp\/v2\/posts"}],"about":[{"href":"https:\/\/www.giurgiuveanul.ro\/stiri\/wp-json\/wp\/v2\/types\/post"}],"author":[{"embeddable":true,"href":"https:\/\/www.giurgiuveanul.ro\/stiri\/wp-json\/wp\/v2\/users\/2"}],"replies":[{"embeddable":true,"href":"https:\/\/www.giurgiuveanul.ro\/stiri\/wp-json\/wp\/v2\/comments?post=97239"}],"version-history":[{"count":0,"href":"https:\/\/www.giurgiuveanul.ro\/stiri\/wp-json\/wp\/v2\/posts\/97239\/revisions"}],"wp:attachment":[{"href":"https:\/\/www.giurgiuveanul.ro\/stiri\/wp-json\/wp\/v2\/media?parent=97239"}],"wp:term":[{"taxonomy":"category","embeddable":true,"href":"https:\/\/www.giurgiuveanul.ro\/stiri\/wp-json\/wp\/v2\/categories?post=97239"},{"taxonomy":"post_tag","embeddable":true,"href":"https:\/\/www.giurgiuveanul.ro\/stiri\/wp-json\/wp\/v2\/tags?post=97239"}],"curies":[{"name":"wp","href":"https:\/\/api.w.org\/{rel}","templated":true}]}}