{"id":97243,"date":"2023-04-16T16:02:24","date_gmt":"2023-04-16T13:02:24","guid":{"rendered":"https:\/\/www.giurgiuveanul.ro\/stiri\/?p=97243"},"modified":"2023-04-16T16:02:24","modified_gmt":"2023-04-16T13:02:24","slug":"catalin-corbea-primarul-comunei-prundu-mesaj-de-sfintele-pasti","status":"publish","type":"post","link":"https:\/\/www.giurgiuveanul.ro\/stiri\/catalin-corbea-primarul-comunei-prundu-mesaj-de-sfintele-pasti\/","title":{"rendered":"C\u0103t\u0103lin Corbea, primarul comunei Prundu, mesaj de Sfintele Pa\u015fti!"},"content":{"rendered":"<p style=\"text-align: justify;\"><a href=\"https:\/\/www.giurgiuveanul.ro\/stiri\/wp-content\/uploads\/2023\/01\/catalin-corbea.jpg\"><img loading=\"lazy\" decoding=\"async\" class=\"aligncenter  wp-image-94623\" src=\"https:\/\/www.giurgiuveanul.ro\/stiri\/wp-content\/uploads\/2023\/01\/catalin-corbea-543x450.jpg\" alt=\"\" width=\"570\" height=\"472\" srcset=\"https:\/\/www.giurgiuveanul.ro\/stiri\/wp-content\/uploads\/2023\/01\/catalin-corbea-543x450.jpg 543w, https:\/\/www.giurgiuveanul.ro\/stiri\/wp-content\/uploads\/2023\/01\/catalin-corbea-250x207.jpg 250w, https:\/\/www.giurgiuveanul.ro\/stiri\/wp-content\/uploads\/2023\/01\/catalin-corbea-768x636.jpg 768w, https:\/\/www.giurgiuveanul.ro\/stiri\/wp-content\/uploads\/2023\/01\/catalin-corbea-400x332.jpg 400w, https:\/\/www.giurgiuveanul.ro\/stiri\/wp-content\/uploads\/2023\/01\/catalin-corbea.jpg 800w\" sizes=\"auto, (max-width: 570px) 100vw, 570px\" \/><\/a>Sfintele S\u0103rb\u0103tori ale Pa\u015ftelui<!--more--> s\u0103 v\u0103 lumineze via\u0163a, iar sacrificiul M\u00e2ntuitorului s\u0103 v\u0103 fie c\u0103l\u0103uz\u0103 \u00een tot ceea ce face\u0163i.<\/p>\n<p style=\"text-align: justify;\">V\u0103 doresc un Pa\u015fte Fericit \u015fi \u00eembel\u015fugat, cu s\u0103n\u0103tate, pace \u015fi lini\u015fte al\u0103turi de cei dragi!<\/p>\n<p style=\"text-align: justify;\"><strong>HRISTOS A \u00ceNVIAT!<\/strong><\/p>\n","protected":false},"excerpt":{"rendered":"<p>Sfintele S\u0103rb\u0103tori ale Pa\u015ftelui<\/p>\n","protected":false},"author":2,"featured_media":0,"comment_status":"open","ping_status":"open","sticky":false,"template":"","format":"standard","meta":{"footnotes":""},"categories":[6],"tags":[],"class_list":["post-97243","post","type-post","status-publish","format-standard","hentry","category-breaking-news"],"_links":{"self":[{"href":"https:\/\/www.giurgiuveanul.ro\/stiri\/wp-json\/wp\/v2\/posts\/97243","targetHints":{"allow":["GET"]}}],"collection":[{"href":"https:\/\/www.giurgiuveanul.ro\/stiri\/wp-json\/wp\/v2\/posts"}],"about":[{"href":"https:\/\/www.giurgiuveanul.ro\/stiri\/wp-json\/wp\/v2\/types\/post"}],"author":[{"embeddable":true,"href":"https:\/\/www.giurgiuveanul.ro\/stiri\/wp-json\/wp\/v2\/users\/2"}],"replies":[{"embeddable":true,"href":"https:\/\/www.giurgiuveanul.ro\/stiri\/wp-json\/wp\/v2\/comments?post=97243"}],"version-history":[{"count":0,"href":"https:\/\/www.giurgiuveanul.ro\/stiri\/wp-json\/wp\/v2\/posts\/97243\/revisions"}],"wp:attachment":[{"href":"https:\/\/www.giurgiuveanul.ro\/stiri\/wp-json\/wp\/v2\/media?parent=97243"}],"wp:term":[{"taxonomy":"category","embeddable":true,"href":"https:\/\/www.giurgiuveanul.ro\/stiri\/wp-json\/wp\/v2\/categories?post=97243"},{"taxonomy":"post_tag","embeddable":true,"href":"https:\/\/www.giurgiuveanul.ro\/stiri\/wp-json\/wp\/v2\/tags?post=97243"}],"curies":[{"name":"wp","href":"https:\/\/api.w.org\/{rel}","templated":true}]}}