{"id":97251,"date":"2023-04-17T17:01:13","date_gmt":"2023-04-17T14:01:13","guid":{"rendered":"https:\/\/www.giurgiuveanul.ro\/stiri\/?p=97251"},"modified":"2023-04-17T17:01:13","modified_gmt":"2023-04-17T14:01:13","slug":"pompierii-giurgiuveni-au-intervenit-la-un-incendiu-pe-strada-mereni-in-aceasta-dupa-amiaza","status":"publish","type":"post","link":"https:\/\/www.giurgiuveanul.ro\/stiri\/pompierii-giurgiuveni-au-intervenit-la-un-incendiu-pe-strada-mereni-in-aceasta-dupa-amiaza\/","title":{"rendered":"Pompierii giurgiuveni au intervenit la un incendiu pe strada Mereni, \u00een aceast\u0103 dup\u0103-amiaz\u0103"},"content":{"rendered":"<p style=\"text-align: justify;\"><strong><a href=\"https:\/\/www.giurgiuveanul.ro\/stiri\/wp-content\/uploads\/2023\/04\/339274002_1662166734298056_26670349217956812_n.jpg\"><img loading=\"lazy\" decoding=\"async\" class=\"aligncenter  wp-image-97252\" src=\"https:\/\/www.giurgiuveanul.ro\/stiri\/wp-content\/uploads\/2023\/04\/339274002_1662166734298056_26670349217956812_n-560x420.jpg\" alt=\"\" width=\"585\" height=\"439\" srcset=\"https:\/\/www.giurgiuveanul.ro\/stiri\/wp-content\/uploads\/2023\/04\/339274002_1662166734298056_26670349217956812_n-560x420.jpg 560w, https:\/\/www.giurgiuveanul.ro\/stiri\/wp-content\/uploads\/2023\/04\/339274002_1662166734298056_26670349217956812_n-250x188.jpg 250w, https:\/\/www.giurgiuveanul.ro\/stiri\/wp-content\/uploads\/2023\/04\/339274002_1662166734298056_26670349217956812_n-768x576.jpg 768w, https:\/\/www.giurgiuveanul.ro\/stiri\/wp-content\/uploads\/2023\/04\/339274002_1662166734298056_26670349217956812_n-1536x1152.jpg 1536w, https:\/\/www.giurgiuveanul.ro\/stiri\/wp-content\/uploads\/2023\/04\/339274002_1662166734298056_26670349217956812_n-400x300.jpg 400w, https:\/\/www.giurgiuveanul.ro\/stiri\/wp-content\/uploads\/2023\/04\/339274002_1662166734298056_26670349217956812_n.jpg 2000w\" sizes=\"auto, (max-width: 585px) 100vw, 585px\" \/><\/a>Un b\u0103rbat, \u00een v\u00e2rst\u0103 de 54 de ani, a<!--more--> suferit arsuri la nivelul fe\u021bei \u00een \u00eencercarea de a stinge incendiul care a izbucnit \u00een locuin\u021ba sa, \u00een aceast\u0103 dup\u0103-amiaz\u0103. Fiul acestuia, \u00een v\u00e2rst\u0103 de 22 ani, a suferit un atac de panic\u0103. Ambele persoane au fost preluate de echipajele medicale \u0219i transportate la spital, informeaz\u0103 ISU Giurgiu.<\/strong><\/p>\n<p style=\"text-align: justify;\">Incendiul a avut loc pe strada Mereni din municipiul Giurgiu. La fa\u021ba locului s-au deplasat, \u00een cel mai scurt timp, pompierii din cadrul Deta\u0219amentului Giurgiu, cu dou\u0103 autospeciale de stingere cu ap\u0103 \u0219i spum\u0103, un echipaj SMURD \u0219i o ambulan\u021b\u0103 SAJ.<\/p>\n<p style=\"text-align: justify;\">Pompierii au constatat faptul c\u0103 incendiul se manifesta \u00een camera de zi \u0219i la nivelul acoperi\u0219ului \u0219i au ac\u021bionat rapid astfel \u00eenc\u00e2t fl\u0103c\u0103rile s\u0103 nu se extind\u0103.<\/p>\n<p style=\"text-align: justify;\">Au ars bunurile din \u00eenc\u0103perea respectiv\u0103 \u0219i s-au deteriorat mobilierul \u0219i tavanul de la buc\u0103t\u0103rie, pe o suprafa\u021b\u0103 de aproximativ 10 mp. De asemenea, s-au afumat pere\u021bii din \u00eentreaga locuin\u021b\u0103.<\/p>\n<p style=\"text-align: justify;\">Cel mai probabil incendiul a fost provocat de o lum\u00e2nare l\u0103sat\u0103 nesupravegheat\u0103.<\/p>\n<p style=\"text-align: justify;\">\n<p style=\"text-align: justify;\"><strong>Informare preventiv\u0103<\/strong><\/p>\n<p style=\"text-align: justify;\">\n<p style=\"text-align: justify;\">Pentru a preveni astfel de evenimente Inspectoratul pentru Situa\u0163ii de Urgen\u0163\u0103 ,,Vla\u0219ca\u201d al Jude\u0163ului Giurgiu recomand\u0103 respectarea urm\u0103toarelor m\u0103suri de ap\u0103rare \u00eempotriva incendiilor:<\/p>\n<p style=\"text-align: justify;\">\n<p style=\"text-align: justify;\">&#8211; nu l\u0103sa\u021bi lum\u00e2n\u0103rile aprinse, nesupravegheate. Cel mai bine este s\u0103 le stinge\u0163i pentru a evita producerea unui incendiu \u00een lipsa dumneavoastr\u0103;<\/p>\n<p style=\"text-align: justify;\">&#8211; stinge\u021bi \u00eentotdeauna lum\u00e2n\u0103rile \u00eenainte de a le muta;<\/p>\n<p style=\"text-align: justify;\">&#8211; asigura\u021bi-v\u0103 c\u0103 lum\u00e2narea se afl\u0103 \u00een pozi\u0163ie vertical\u0103 \u015fi c\u0103 este fixat\u0103 \u00eentr-un suport special destinat, astfel \u00eenc\u00e2t s\u0103 nu cad\u0103 sau s\u0103 curg\u0103 pic\u0103turi de cear\u0103 fierbinte;<\/p>\n<p style=\"text-align: justify;\">-a\u0219eza\u021bi \u00eentotdeauna lum\u00e2n\u0103rile pe o suprafa\u0163\u0103 neted\u0103 rezistent\u0103 la c\u0103ldur\u0103;<\/p>\n<p style=\"text-align: justify;\">&#8211; nu v\u0103 apleca\u021bi deasupra lum\u00e2n\u0103rilor: s-ar putea s\u0103 v\u0103 ia foc p\u0103rul sau hainele;<\/p>\n<p style=\"text-align: justify;\">&#8211; nu pune\u021bi lum\u00e2n\u0103rile aprinse foarte aproape de tot ceea ce se poate aprinde u\u015for (mobilier, perdele, ziare etc.), \u00een locuri \u00een care pot ajunge copiii mici \u015fi animalele de companie, pentru a nu le r\u0103sturna \u015fi provoca incendii;<\/p>\n<p style=\"text-align: justify;\">&#8211; nu adormi\u0163i cu lum\u00e2n\u0103rile aprinse.<\/p>\n","protected":false},"excerpt":{"rendered":"<p>Un b\u0103rbat, \u00een v\u00e2rst\u0103 de 54 de ani, a<\/p>\n","protected":false},"author":2,"featured_media":0,"comment_status":"open","ping_status":"open","sticky":false,"template":"","format":"standard","meta":{"footnotes":""},"categories":[6],"tags":[],"class_list":["post-97251","post","type-post","status-publish","format-standard","hentry","category-breaking-news"],"_links":{"self":[{"href":"https:\/\/www.giurgiuveanul.ro\/stiri\/wp-json\/wp\/v2\/posts\/97251","targetHints":{"allow":["GET"]}}],"collection":[{"href":"https:\/\/www.giurgiuveanul.ro\/stiri\/wp-json\/wp\/v2\/posts"}],"about":[{"href":"https:\/\/www.giurgiuveanul.ro\/stiri\/wp-json\/wp\/v2\/types\/post"}],"author":[{"embeddable":true,"href":"https:\/\/www.giurgiuveanul.ro\/stiri\/wp-json\/wp\/v2\/users\/2"}],"replies":[{"embeddable":true,"href":"https:\/\/www.giurgiuveanul.ro\/stiri\/wp-json\/wp\/v2\/comments?post=97251"}],"version-history":[{"count":0,"href":"https:\/\/www.giurgiuveanul.ro\/stiri\/wp-json\/wp\/v2\/posts\/97251\/revisions"}],"wp:attachment":[{"href":"https:\/\/www.giurgiuveanul.ro\/stiri\/wp-json\/wp\/v2\/media?parent=97251"}],"wp:term":[{"taxonomy":"category","embeddable":true,"href":"https:\/\/www.giurgiuveanul.ro\/stiri\/wp-json\/wp\/v2\/categories?post=97251"},{"taxonomy":"post_tag","embeddable":true,"href":"https:\/\/www.giurgiuveanul.ro\/stiri\/wp-json\/wp\/v2\/tags?post=97251"}],"curies":[{"name":"wp","href":"https:\/\/api.w.org\/{rel}","templated":true}]}}