{"id":97264,"date":"2023-04-18T10:48:13","date_gmt":"2023-04-18T07:48:13","guid":{"rendered":"https:\/\/www.giurgiuveanul.ro\/stiri\/?p=97264"},"modified":"2023-04-18T10:49:55","modified_gmt":"2023-04-18T07:49:55","slug":"primarul-gheorghe-breazu-va-invita-la-ziua-comunei-putineiu","status":"publish","type":"post","link":"https:\/\/www.giurgiuveanul.ro\/stiri\/primarul-gheorghe-breazu-va-invita-la-ziua-comunei-putineiu\/","title":{"rendered":"Primarul Gheorghe Breazu v\u0103 invit\u0103 la Ziua comunei Putineiu!"},"content":{"rendered":"<p style=\"text-align: justify;\"><strong><a href=\"https:\/\/www.giurgiuveanul.ro\/stiri\/wp-content\/uploads\/2023\/04\/WhatsApp-Image-2023-04-18-at-10.29.56.jpg\"><img loading=\"lazy\" decoding=\"async\" class=\"aligncenter wp-image-97265\" src=\"https:\/\/www.giurgiuveanul.ro\/stiri\/wp-content\/uploads\/2023\/04\/WhatsApp-Image-2023-04-18-at-10.29.56-367x450.jpg\" alt=\"\" width=\"583\" height=\"715\" srcset=\"https:\/\/www.giurgiuveanul.ro\/stiri\/wp-content\/uploads\/2023\/04\/WhatsApp-Image-2023-04-18-at-10.29.56-367x450.jpg 367w, https:\/\/www.giurgiuveanul.ro\/stiri\/wp-content\/uploads\/2023\/04\/WhatsApp-Image-2023-04-18-at-10.29.56-245x300.jpg 245w, https:\/\/www.giurgiuveanul.ro\/stiri\/wp-content\/uploads\/2023\/04\/WhatsApp-Image-2023-04-18-at-10.29.56-768x941.jpg 768w, https:\/\/www.giurgiuveanul.ro\/stiri\/wp-content\/uploads\/2023\/04\/WhatsApp-Image-2023-04-18-at-10.29.56-1254x1536.jpg 1254w, https:\/\/www.giurgiuveanul.ro\/stiri\/wp-content\/uploads\/2023\/04\/WhatsApp-Image-2023-04-18-at-10.29.56-400x490.jpg 400w, https:\/\/www.giurgiuveanul.ro\/stiri\/wp-content\/uploads\/2023\/04\/WhatsApp-Image-2023-04-18-at-10.29.56.jpg 1672w\" sizes=\"auto, (max-width: 583px) 100vw, 583px\" \/><\/a>Pe 23 aprilie, de s\u0103rb\u0103toarea \u201eSf. Mare Mucenic Gheorghe\u201d, Ziua comunei Putineiu se anun\u0163\u0103 a fi<!--more--> un eveniment plin de voie bun\u0103 \u015fi distrac\u0163ie, a\u015fa cum a fost \u00een fiecare an, organizat de primarul Gheorghe Breazu.<\/strong><\/p>\n<p style=\"text-align: justify;\">Locuitorii comunei Putineiu, oaspe\u0163ii \u015fi invita\u0163ii de seam\u0103 se vor bucura de aceast\u0103 nou\u0103 edi\u0163ie a acestui eveniment ce se va desf\u0103\u015fura \u00een centrul localit\u0103\u0163ii.<\/p>\n<p style=\"text-align: justify;\">\u00cencep\u00e2nd cu orele 12:00, vor urca pe scen\u0103 \u00eendr\u0103gi\u0163i arti\u015fti de muzic\u0103 popular\u0103 dar \u015fi u\u015foar\u0103: <strong>Amna, Adrian Minune, Maria Loga, Victori\u0163a L\u0103c\u0103tu\u015fu, Simona Dinescu, Sanda Argint, Florin Vasilic\u0103 \u015fi grupul Teleormanul, taraful Aurel Blondea, Nicu\u015for Iordan, Valentin Andrei<\/strong>.<\/p>\n<p style=\"text-align: justify;\">Ziua comunei\u00a0 Putineiu se va \u00eencheia cu un minunat foc de artificii.<\/p>\n<p style=\"text-align: justify;\"><em>\u201eV\u0103 invit\u0103m s\u0103 participa\u0163i al\u0103turi de noi \u015fi sper\u0103m s\u0103 fie frumos, \u015fi cet\u0103\u0163enii s\u0103 fie mul\u0163umi\u0163i de programul dedicat zilei comunei Putineiu\u201d<\/em>, a precizat <strong>Gheorghe Breazu,<\/strong> primarul localit\u0103\u0163ii.<\/p>\n","protected":false},"excerpt":{"rendered":"<p>Pe 23 aprilie, de s\u0103rb\u0103toarea \u201eSf. Mare Mucenic Gheorghe\u201d, Ziua comunei Putineiu se anun\u0163\u0103 a fi<\/p>\n","protected":false},"author":2,"featured_media":0,"comment_status":"open","ping_status":"open","sticky":false,"template":"","format":"standard","meta":{"footnotes":""},"categories":[6],"tags":[],"class_list":["post-97264","post","type-post","status-publish","format-standard","hentry","category-breaking-news"],"_links":{"self":[{"href":"https:\/\/www.giurgiuveanul.ro\/stiri\/wp-json\/wp\/v2\/posts\/97264","targetHints":{"allow":["GET"]}}],"collection":[{"href":"https:\/\/www.giurgiuveanul.ro\/stiri\/wp-json\/wp\/v2\/posts"}],"about":[{"href":"https:\/\/www.giurgiuveanul.ro\/stiri\/wp-json\/wp\/v2\/types\/post"}],"author":[{"embeddable":true,"href":"https:\/\/www.giurgiuveanul.ro\/stiri\/wp-json\/wp\/v2\/users\/2"}],"replies":[{"embeddable":true,"href":"https:\/\/www.giurgiuveanul.ro\/stiri\/wp-json\/wp\/v2\/comments?post=97264"}],"version-history":[{"count":0,"href":"https:\/\/www.giurgiuveanul.ro\/stiri\/wp-json\/wp\/v2\/posts\/97264\/revisions"}],"wp:attachment":[{"href":"https:\/\/www.giurgiuveanul.ro\/stiri\/wp-json\/wp\/v2\/media?parent=97264"}],"wp:term":[{"taxonomy":"category","embeddable":true,"href":"https:\/\/www.giurgiuveanul.ro\/stiri\/wp-json\/wp\/v2\/categories?post=97264"},{"taxonomy":"post_tag","embeddable":true,"href":"https:\/\/www.giurgiuveanul.ro\/stiri\/wp-json\/wp\/v2\/tags?post=97264"}],"curies":[{"name":"wp","href":"https:\/\/api.w.org\/{rel}","templated":true}]}}