{"id":97273,"date":"2023-04-18T11:25:17","date_gmt":"2023-04-18T08:25:17","guid":{"rendered":"https:\/\/www.giurgiuveanul.ro\/stiri\/?p=97273"},"modified":"2023-04-18T11:26:33","modified_gmt":"2023-04-18T08:26:33","slug":"bilantul-actiunilor-politistilor-giurgiuveni-in-perioada-14-17-aprilie-2023","status":"publish","type":"post","link":"https:\/\/www.giurgiuveanul.ro\/stiri\/bilantul-actiunilor-politistilor-giurgiuveni-in-perioada-14-17-aprilie-2023\/","title":{"rendered":"Bilan\u0163ul ac\u021biunilor poli\u021bi\u0219tilor giurgiuveni, \u00een perioada 14-17 aprilie 2023"},"content":{"rendered":"<p style=\"text-align: justify;\"><strong><a href=\"https:\/\/www.giurgiuveanul.ro\/stiri\/wp-content\/uploads\/2023\/04\/BMW-IPJ-Giurgiu-0.jpg\"><img loading=\"lazy\" decoding=\"async\" class=\"aligncenter wp-image-96911\" src=\"https:\/\/www.giurgiuveanul.ro\/stiri\/wp-content\/uploads\/2023\/04\/BMW-IPJ-Giurgiu-0-560x397.jpg\" alt=\"\" width=\"574\" height=\"407\" srcset=\"https:\/\/www.giurgiuveanul.ro\/stiri\/wp-content\/uploads\/2023\/04\/BMW-IPJ-Giurgiu-0-560x397.jpg 560w, https:\/\/www.giurgiuveanul.ro\/stiri\/wp-content\/uploads\/2023\/04\/BMW-IPJ-Giurgiu-0-250x177.jpg 250w, https:\/\/www.giurgiuveanul.ro\/stiri\/wp-content\/uploads\/2023\/04\/BMW-IPJ-Giurgiu-0-768x544.jpg 768w, https:\/\/www.giurgiuveanul.ro\/stiri\/wp-content\/uploads\/2023\/04\/BMW-IPJ-Giurgiu-0-400x283.jpg 400w, https:\/\/www.giurgiuveanul.ro\/stiri\/wp-content\/uploads\/2023\/04\/BMW-IPJ-Giurgiu-0.jpg 1500w\" sizes=\"auto, (max-width: 574px) 100vw, 574px\" \/><\/a>Poli\u0163i\u015ftii Inspectoratului de Poli\u021bie Jude\u021bean Giurgiu au ac\u0163ionat<!--more--> pe perioada minivacan\u0163ei de Pa\u015fti, pentru asigurarea unui climat corespunz\u0103tor de ordine \u015fi siguran\u0163\u0103 public\u0103 pe raza localit\u0103\u0163ilor urbane \u015fi rurale din jude\u0163ul Giurgiu.<\/strong><\/p>\n<p style=\"text-align: justify;\">Astfel, poli\u0163i\u015ftii au ac\u0163ionat \u00een localit\u0103\u0163ile jude\u0163ului, pe drumurile publice, precum \u0219i \u00een zonele aglomerate \u00een care s-au desf\u0103\u015furat manifest\u0103ri religioase.<\/p>\n<p style=\"text-align: justify;\">Pe perioada minivacan\u0163ei, poli\u0163i\u015ftii rutieri au aplicat 362 de sanc\u0163iuni contraven\u0163ionale, \u00een valoare total\u0103 de 99.520 de lei.<\/p>\n<p style=\"text-align: justify;\">Poli\u0163i\u015ftii rutieri au constatat \u00een flagrant delict 6 infrac\u0163iuni la regimul rutier (3 pentru conducerea unui vehicul sub influen\u021ba b\u0103uturilor alcoolice, \u00a02 pentru conducerea unui vehicul pe drumurile publice f\u0103r\u0103 a poseda permis de conducere \u0219i 1 pentru conducerea unui vehicul ne\u00eenmatriculat), au re\u0163inut \u00een vederea suspend\u0103rii dreptului de a conduce 56 de permise de conducere (dintre care 25 pentru dep\u0103\u0219irea vitezei legale, 9 pentru conducere sub influen\u021ba alcoolului, 6 pentru dep\u0103\u0219ire neregulamentar\u0103, 8 pentru neacordare prioritate auto \u0219i pietoni) \u015fi au retras 20 de certificate de \u00eenmatriculare (pentru lipsa inspec\u021biei tehnice periodice, defec\u021biuni tehnice, lips\u0103 R.C.A.)<\/p>\n<p style=\"text-align: justify;\">Poli\u021bi\u0219tii structurilor de ordine public\u0103 au aplicat 49 de sanc\u021biuni contraven\u021bionale, \u00een valoare total\u0103 de 21.475 de lei, dintre care 34 pentru nerespectarea Legii 61\/1991 pentru sanc\u021bionarea faptelor de \u00eenc\u0103lcare a unor norme de convie\u021buire social\u0103, a ordinii \u0219i lini\u0219tii publice, 10 pentru \u00eenc\u0103lcarea prevederilor O.U.G.195\/2002 privind circula\u021bia pe drumurile publice \u0219i 5 pentru nerespectarea O.G. nr.34\/2008 privind organizarea \u0219i func\u021bionarea Sistemului national unic pentru apeluri de urgen\u021b\u0103.<\/p>\n<p style=\"text-align: justify;\">Dintre cele 34 de sanc\u021biuni contraven\u021bionale aplicate pentru nerespectarea Legii nr.61\/1991, 20 dintre acestea au fost aplicate pentru tulburarea ordinii \u0219i lini\u0219tii publice, 7 pentru consumul de b\u0103uturi alcoolice \u00een locuri publice \u0219i 7 pentru adresarea de injurii, de natur\u0103 a tulbura ordinea \u0219i lini\u0219tea public\u0103.<\/p>\n<p style=\"text-align: justify;\">De men\u0163ionat este faptul c\u0103 \u00een zona l\u0103ca\u015furilor de cult \u015fi a localurilor publice nu au fost \u00eenregistrate evenimente deosebite.<\/p>\n<p style=\"text-align: justify;\">Poli\u0163i\u015ftii giurgiuveni mul\u0163umesc cet\u0103\u0163enilor pentru spiritul civic \u015fi modul lini\u015ftit \u00een care au \u00een\u0163eles s\u0103-\u015fi petreac\u0103 minivacan\u0163a de Pa\u015fti.<\/p>\n","protected":false},"excerpt":{"rendered":"<p>Poli\u0163i\u015ftii Inspectoratului de Poli\u021bie Jude\u021bean Giurgiu au ac\u0163ionat<\/p>\n","protected":false},"author":2,"featured_media":0,"comment_status":"open","ping_status":"open","sticky":false,"template":"","format":"standard","meta":{"footnotes":""},"categories":[6],"tags":[],"class_list":["post-97273","post","type-post","status-publish","format-standard","hentry","category-breaking-news"],"_links":{"self":[{"href":"https:\/\/www.giurgiuveanul.ro\/stiri\/wp-json\/wp\/v2\/posts\/97273","targetHints":{"allow":["GET"]}}],"collection":[{"href":"https:\/\/www.giurgiuveanul.ro\/stiri\/wp-json\/wp\/v2\/posts"}],"about":[{"href":"https:\/\/www.giurgiuveanul.ro\/stiri\/wp-json\/wp\/v2\/types\/post"}],"author":[{"embeddable":true,"href":"https:\/\/www.giurgiuveanul.ro\/stiri\/wp-json\/wp\/v2\/users\/2"}],"replies":[{"embeddable":true,"href":"https:\/\/www.giurgiuveanul.ro\/stiri\/wp-json\/wp\/v2\/comments?post=97273"}],"version-history":[{"count":0,"href":"https:\/\/www.giurgiuveanul.ro\/stiri\/wp-json\/wp\/v2\/posts\/97273\/revisions"}],"wp:attachment":[{"href":"https:\/\/www.giurgiuveanul.ro\/stiri\/wp-json\/wp\/v2\/media?parent=97273"}],"wp:term":[{"taxonomy":"category","embeddable":true,"href":"https:\/\/www.giurgiuveanul.ro\/stiri\/wp-json\/wp\/v2\/categories?post=97273"},{"taxonomy":"post_tag","embeddable":true,"href":"https:\/\/www.giurgiuveanul.ro\/stiri\/wp-json\/wp\/v2\/tags?post=97273"}],"curies":[{"name":"wp","href":"https:\/\/api.w.org\/{rel}","templated":true}]}}