{"id":97277,"date":"2023-04-18T15:23:07","date_gmt":"2023-04-18T12:23:07","guid":{"rendered":"https:\/\/www.giurgiuveanul.ro\/stiri\/?p=97277"},"modified":"2023-04-18T15:25:25","modified_gmt":"2023-04-18T12:25:25","slug":"valori-de-trafic-ptf-giurgiu-in-perioada-14-18-aprilie-2023","status":"publish","type":"post","link":"https:\/\/www.giurgiuveanul.ro\/stiri\/valori-de-trafic-ptf-giurgiu-in-perioada-14-18-aprilie-2023\/","title":{"rendered":"Valori de trafic la PTF Giurgiu, \u00een perioada 14-18 aprilie 2023"},"content":{"rendered":"<p style=\"text-align: justify;\"><strong><a href=\"https:\/\/www.giurgiuveanul.ro\/stiri\/wp-content\/uploads\/2023\/04\/1677757202225-ptfgiurgiu1-S4.jpg\"><img loading=\"lazy\" decoding=\"async\" class=\"aligncenter wp-image-97278\" src=\"https:\/\/www.giurgiuveanul.ro\/stiri\/wp-content\/uploads\/2023\/04\/1677757202225-ptfgiurgiu1-S4-560x336.jpg\" alt=\"\" width=\"568\" height=\"341\" srcset=\"https:\/\/www.giurgiuveanul.ro\/stiri\/wp-content\/uploads\/2023\/04\/1677757202225-ptfgiurgiu1-S4-560x336.jpg 560w, https:\/\/www.giurgiuveanul.ro\/stiri\/wp-content\/uploads\/2023\/04\/1677757202225-ptfgiurgiu1-S4-250x150.jpg 250w, https:\/\/www.giurgiuveanul.ro\/stiri\/wp-content\/uploads\/2023\/04\/1677757202225-ptfgiurgiu1-S4-768x461.jpg 768w, https:\/\/www.giurgiuveanul.ro\/stiri\/wp-content\/uploads\/2023\/04\/1677757202225-ptfgiurgiu1-S4-400x240.jpg 400w, https:\/\/www.giurgiuveanul.ro\/stiri\/wp-content\/uploads\/2023\/04\/1677757202225-ptfgiurgiu1-S4.jpg 1200w\" sizes=\"auto, (max-width: 568px) 100vw, 568px\" \/><\/a>\u00cen perioada 14-18.04.2023, la grani\u0163a cu Bulgaria au<!--more--> fost efectuate formalit\u0103\u0163i de frontier\u0103 prin P.T.F. Giurgiu, pe sensul de intrare \u00een \u021bar\u0103 pentru aproximativ 4.000 de camioane, 4.500 de autoturisme \u0219i 20.600 de persoane, iar pe sensul de ie\u0219ire din \u021bar\u0103 pentru aproximativ 3.200 de camioane, 4.100 de autoturisme \u0219i 17.350 de\u00a0 persoane.<\/strong><\/p>\n<p style=\"text-align: justify;\">\u00cen prezent, traficul prin P.T.F. Giurgiu <strong>la turisme<\/strong> se desf\u0103\u015foar\u0103 \u00een condi\u021bii normale pe <strong>patru artere de control<\/strong> pe sensul de intrare \u00een \u021bar\u0103, \u0219i pe <strong>trei artere<\/strong> <strong>de control<\/strong> pe sensul de ie\u0219ire din \u021bar\u0103.<\/p>\n<p style=\"text-align: justify;\"><strong>Pentru autocamioane<\/strong>, traficul prin P.T.F. Giurgiu se desf\u0103\u015foar\u0103 pe <strong>4 artere de control<\/strong> at\u00e2t pe sensul de intrare \u00een \u021bar\u0103 c\u00e2t \u0219i pe sensul de ie\u0219ire din \u021bar\u0103, timpii de a\u0219teptare fiind \u00een limite normale.<\/p>\n<p style=\"text-align: justify;\">\u00a0\u00a0\u00a0 \u00a0\u00a0\u00a0\u00a0 La nivelul Inspectoratului Teritorial al Poli\u0163iei de Frontier\u0103 Giurgiu au fost dispuse toate m\u0103surile aflate \u00een competen\u0163\u0103 pentru reducerea timpilor de a\u015fteptare \u015fi asigurarea unui control operativ.<\/p>\n<p style=\"text-align: justify;\">Recomand\u0103m pentru evitarea aglomer\u0103rilor tranzitarea tuturor punctelor de frontier\u0103 existente deschise \u00een regim interna\u0163ional.<br \/>\nTotodat\u0103, recomand\u0103m utilizarea aplica\u0163iei Trafic on-line, disponibil\u0103 pe site-ul Poli\u021biei de Frontier\u0103 \u2013<a href=\"http:\/\/www.politiadefrontiera.ro\/\">www.politiadefrontiera.ro<\/a>. Aceast\u0103 aplica\u0163ie prezint\u0103 o medie a timpilor de a\u015fteptare \u00een punctele rutiere de trecere a frontierei pentru anumite intervale de timp.<\/p>\n","protected":false},"excerpt":{"rendered":"<p>\u00cen perioada 14-18.04.2023, la grani\u0163a cu Bulgaria au<\/p>\n","protected":false},"author":2,"featured_media":0,"comment_status":"open","ping_status":"open","sticky":false,"template":"","format":"standard","meta":{"footnotes":""},"categories":[6],"tags":[],"class_list":["post-97277","post","type-post","status-publish","format-standard","hentry","category-breaking-news"],"_links":{"self":[{"href":"https:\/\/www.giurgiuveanul.ro\/stiri\/wp-json\/wp\/v2\/posts\/97277","targetHints":{"allow":["GET"]}}],"collection":[{"href":"https:\/\/www.giurgiuveanul.ro\/stiri\/wp-json\/wp\/v2\/posts"}],"about":[{"href":"https:\/\/www.giurgiuveanul.ro\/stiri\/wp-json\/wp\/v2\/types\/post"}],"author":[{"embeddable":true,"href":"https:\/\/www.giurgiuveanul.ro\/stiri\/wp-json\/wp\/v2\/users\/2"}],"replies":[{"embeddable":true,"href":"https:\/\/www.giurgiuveanul.ro\/stiri\/wp-json\/wp\/v2\/comments?post=97277"}],"version-history":[{"count":0,"href":"https:\/\/www.giurgiuveanul.ro\/stiri\/wp-json\/wp\/v2\/posts\/97277\/revisions"}],"wp:attachment":[{"href":"https:\/\/www.giurgiuveanul.ro\/stiri\/wp-json\/wp\/v2\/media?parent=97277"}],"wp:term":[{"taxonomy":"category","embeddable":true,"href":"https:\/\/www.giurgiuveanul.ro\/stiri\/wp-json\/wp\/v2\/categories?post=97277"},{"taxonomy":"post_tag","embeddable":true,"href":"https:\/\/www.giurgiuveanul.ro\/stiri\/wp-json\/wp\/v2\/tags?post=97277"}],"curies":[{"name":"wp","href":"https:\/\/api.w.org\/{rel}","templated":true}]}}