{"id":97290,"date":"2023-04-19T09:56:07","date_gmt":"2023-04-19T06:56:07","guid":{"rendered":"https:\/\/www.giurgiuveanul.ro\/stiri\/?p=97290"},"modified":"2023-04-19T10:06:03","modified_gmt":"2023-04-19T07:06:03","slug":"felicitari-eleva-maria-ecaterina-mihaescu-de-la-scoala-gimnaziala-nr-7-giurgiu-mentiune-la-olimpiada-nationala-de-limba-si-literatura-romana","status":"publish","type":"post","link":"https:\/\/www.giurgiuveanul.ro\/stiri\/felicitari-eleva-maria-ecaterina-mihaescu-de-la-scoala-gimnaziala-nr-7-giurgiu-mentiune-la-olimpiada-nationala-de-limba-si-literatura-romana\/","title":{"rendered":"Felicit\u0103ri! Eleva Maria-Ecaterina Mih\u0103escu, de la \u0218coala Gimnazial\u0103 Nr. 7 Giurgiu, Men\u0163iune la Olimpiada Na\u021bional\u0103 de Limba \u0219i Literatura Rom\u00e2n\u0103!"},"content":{"rendered":"<p style=\"text-align: justify;\"><strong><a href=\"https:\/\/www.giurgiuveanul.ro\/stiri\/wp-content\/uploads\/2023\/04\/thumbnail-15.jpeg\"><img loading=\"lazy\" decoding=\"async\" class=\"aligncenter wp-image-97291\" src=\"https:\/\/www.giurgiuveanul.ro\/stiri\/wp-content\/uploads\/2023\/04\/thumbnail-15-480x450.jpeg\" alt=\"\" width=\"580\" height=\"544\" srcset=\"https:\/\/www.giurgiuveanul.ro\/stiri\/wp-content\/uploads\/2023\/04\/thumbnail-15-480x450.jpeg 480w, https:\/\/www.giurgiuveanul.ro\/stiri\/wp-content\/uploads\/2023\/04\/thumbnail-15-250x234.jpeg 250w, https:\/\/www.giurgiuveanul.ro\/stiri\/wp-content\/uploads\/2023\/04\/thumbnail-15-768x720.jpeg 768w, https:\/\/www.giurgiuveanul.ro\/stiri\/wp-content\/uploads\/2023\/04\/thumbnail-15-400x375.jpeg 400w, https:\/\/www.giurgiuveanul.ro\/stiri\/wp-content\/uploads\/2023\/04\/thumbnail-15.jpeg 1080w\" sizes=\"auto, (max-width: 580px) 100vw, 580px\" \/><\/a>\u00cen perioada 10-13 aprilie a avut loc Olimpiada Na\u021bional\u0103 de Limba \u0219i Literatura Rom\u00e2n\u0103, desf\u0103\u015furat\u0103 la<!--more--> Arad. <\/strong><\/p>\n<p style=\"text-align: justify;\">La clasa a VIII-a, <strong>jude\u021bul Giurgiu a fost reprezentat de eleva Maria-Ecaterina Mih\u0103escu,<\/strong> de la \u0218coala Gimnazial\u0103 Nr. 7, <strong>coordonat\u0103 de profesor Nicoleta Murariu.<\/strong><\/p>\n<p style=\"text-align: justify;\"><strong>Presta\u021bia Mariei a fost excelent\u0103<\/strong>, reu\u0219ind s\u0103 se \u00eentoarc\u0103 la Giurgiu cu <strong>Men\u021biune, cu un punctaj de 90 de puncte, la doar 5,875 puncte de lucul 1<\/strong>.<\/p>\n<p><a href=\"https:\/\/www.giurgiuveanul.ro\/stiri\/wp-content\/uploads\/2023\/04\/thumbnail-14.jpeg\"><img loading=\"lazy\" decoding=\"async\" class=\"aligncenter wp-image-97295\" src=\"https:\/\/www.giurgiuveanul.ro\/stiri\/wp-content\/uploads\/2023\/04\/thumbnail-14-560x438.jpeg\" alt=\"\" width=\"570\" height=\"446\" srcset=\"https:\/\/www.giurgiuveanul.ro\/stiri\/wp-content\/uploads\/2023\/04\/thumbnail-14-560x438.jpeg 560w, https:\/\/www.giurgiuveanul.ro\/stiri\/wp-content\/uploads\/2023\/04\/thumbnail-14-250x195.jpeg 250w, https:\/\/www.giurgiuveanul.ro\/stiri\/wp-content\/uploads\/2023\/04\/thumbnail-14-768x600.jpeg 768w, https:\/\/www.giurgiuveanul.ro\/stiri\/wp-content\/uploads\/2023\/04\/thumbnail-14-400x313.jpeg 400w, https:\/\/www.giurgiuveanul.ro\/stiri\/wp-content\/uploads\/2023\/04\/thumbnail-14.jpeg 1080w\" sizes=\"auto, (max-width: 570px) 100vw, 570px\" \/><\/a><\/p>\n<p style=\"text-align: justify;\"><em>Felicit\u0103ri Mariei-Ecaterina pentru rezultatul ob\u021binut la <\/em><em>Olimpiada Na\u021bional\u0103 de Limba \u0219i Literatura Rom\u00e2n\u0103!<\/em><\/p>\n<p style=\"text-align: justify;\">S\u0103pt\u0103m\u00e2na viitoare, <strong>Maria-Ecaterina Mih\u0103escu<\/strong> va participa \u0219i la Olimpiada Na\u021bional\u0103 Interdisciplinar\u0103 de Limba Rom\u00e2n\u0103 \u0219i Religie &#8211; &#8222;Cultur\u0103 \u0219i Spiritualitate Rom\u00e2neasc\u0103&#8221;, ce se va desf\u0103\u0219ura la Alba Iulia.<\/p>\n","protected":false},"excerpt":{"rendered":"<p>\u00cen perioada 10-13 aprilie a avut loc Olimpiada Na\u021bional\u0103 de Limba \u0219i Literatura Rom\u00e2n\u0103, desf\u0103\u015furat\u0103 la<\/p>\n","protected":false},"author":2,"featured_media":0,"comment_status":"open","ping_status":"open","sticky":false,"template":"","format":"standard","meta":{"footnotes":""},"categories":[6],"tags":[],"class_list":["post-97290","post","type-post","status-publish","format-standard","hentry","category-breaking-news"],"_links":{"self":[{"href":"https:\/\/www.giurgiuveanul.ro\/stiri\/wp-json\/wp\/v2\/posts\/97290","targetHints":{"allow":["GET"]}}],"collection":[{"href":"https:\/\/www.giurgiuveanul.ro\/stiri\/wp-json\/wp\/v2\/posts"}],"about":[{"href":"https:\/\/www.giurgiuveanul.ro\/stiri\/wp-json\/wp\/v2\/types\/post"}],"author":[{"embeddable":true,"href":"https:\/\/www.giurgiuveanul.ro\/stiri\/wp-json\/wp\/v2\/users\/2"}],"replies":[{"embeddable":true,"href":"https:\/\/www.giurgiuveanul.ro\/stiri\/wp-json\/wp\/v2\/comments?post=97290"}],"version-history":[{"count":0,"href":"https:\/\/www.giurgiuveanul.ro\/stiri\/wp-json\/wp\/v2\/posts\/97290\/revisions"}],"wp:attachment":[{"href":"https:\/\/www.giurgiuveanul.ro\/stiri\/wp-json\/wp\/v2\/media?parent=97290"}],"wp:term":[{"taxonomy":"category","embeddable":true,"href":"https:\/\/www.giurgiuveanul.ro\/stiri\/wp-json\/wp\/v2\/categories?post=97290"},{"taxonomy":"post_tag","embeddable":true,"href":"https:\/\/www.giurgiuveanul.ro\/stiri\/wp-json\/wp\/v2\/tags?post=97290"}],"curies":[{"name":"wp","href":"https:\/\/api.w.org\/{rel}","templated":true}]}}