{"id":97302,"date":"2023-04-19T17:34:51","date_gmt":"2023-04-19T14:34:51","guid":{"rendered":"https:\/\/www.giurgiuveanul.ro\/stiri\/?p=97302"},"modified":"2023-04-19T17:37:28","modified_gmt":"2023-04-19T14:37:28","slug":"sase-localitati-giurgiuvene-oinacu-fratesti-malu-spart-clejani-valea-dragului-si-mihailesti-vor-ramane-joi-20-aprilie-fara-curent-electric-care-sunt-strazile-vizate-vezi-aici","status":"publish","type":"post","link":"https:\/\/www.giurgiuveanul.ro\/stiri\/sase-localitati-giurgiuvene-oinacu-fratesti-malu-spart-clejani-valea-dragului-si-mihailesti-vor-ramane-joi-20-aprilie-fara-curent-electric-care-sunt-strazile-vizate-vezi-aici\/","title":{"rendered":"\u015ease localit\u0103\u0163i giurgiuvene: Oinacu, Fr\u0103te\u015fti, Malu Spart, Clejani, Valea Dragului \u015fi Mih\u0103ile\u015fti vor r\u0103m\u00e2ne joi, 20 aprilie, f\u0103r\u0103 curent electric! Care sunt str\u0103zile vizate VEZI AICI"},"content":{"rendered":"<p style=\"text-align: justify;\"><a href=\"https:\/\/www.giurgiuveanul.ro\/stiri\/wp-content\/uploads\/2023\/04\/enel-energie.jpg\"><img loading=\"lazy\" decoding=\"async\" class=\"aligncenter wp-image-96924\" src=\"https:\/\/www.giurgiuveanul.ro\/stiri\/wp-content\/uploads\/2023\/04\/enel-energie-560x374.jpg\" alt=\"\" width=\"577\" height=\"385\" srcset=\"https:\/\/www.giurgiuveanul.ro\/stiri\/wp-content\/uploads\/2023\/04\/enel-energie-560x374.jpg 560w, https:\/\/www.giurgiuveanul.ro\/stiri\/wp-content\/uploads\/2023\/04\/enel-energie-250x167.jpg 250w, https:\/\/www.giurgiuveanul.ro\/stiri\/wp-content\/uploads\/2023\/04\/enel-energie-768x512.jpg 768w, https:\/\/www.giurgiuveanul.ro\/stiri\/wp-content\/uploads\/2023\/04\/enel-energie-400x267.jpg 400w, https:\/\/www.giurgiuveanul.ro\/stiri\/wp-content\/uploads\/2023\/04\/enel-energie.jpg 1000w\" sizes=\"auto, (max-width: 577px) 100vw, 577px\" \/><\/a><strong>E-Distribu\u0163ie Muntenia<\/strong><!--more--> a redus pe c\u00e2t posibil num\u0103rul \u00eentreruperilor programate pentru buna administrare \u0219i func\u021bionare a re\u021belei de distribu\u021bie a energiei electrice, pentru a minimiza disconfortul clien\u021bilor. Lucr\u0103rile au fost reduse la cele care sunt necesare. Regret\u0103m nepl\u0103cerile resim\u021bite de clien\u021bi \u00een cazurile \u00een care aceste lucr\u0103ri, efectuate pentru a preveni eventuale probleme \u00een alimentare, perturb\u0103 temporar activit\u0103\u021bile acestora.<\/p>\n<p style=\"text-align: justify;\">Urm\u0103toarele \u00eentreruperi se vor realiza pentru a asigura capacitatea re\u021belei de a func\u021biona \u0219i alimenta clien\u021bii \u00een bune condi\u021bii.<\/p>\n<table width=\"100%\">\n<tbody>\n<tr>\n<td width=\"15%\"><strong>Joi , 20 Aprilie 2023<\/strong><\/td>\n<td>\n<table width=\"100%\">\n<tbody>\n<tr>\n<td><span style=\"color: #ff0000;\"><strong>OINACU<\/strong><\/span>, str Viilor<\/td>\n<td width=\"15%\">08:30 &#8211; 16:30<\/td>\n<\/tr>\n<tr>\n<td><strong><span style=\"color: #ff0000;\">FRATESTI,<\/span> <\/strong>str DC 114 str Sf Petru str Sperantei str Sf Maria str Ciresului<\/td>\n<td width=\"15%\">08:30 &#8211; 16:30<\/td>\n<\/tr>\n<tr>\n<td><span style=\"color: #ff0000;\"><strong>Malu Spart,<\/strong> <\/span>str Principala in zona ocolului silvic<\/td>\n<td width=\"15%\">09:00 &#8211; 13:00<\/td>\n<\/tr>\n<tr>\n<td><strong><span style=\"color: #ff0000;\">Clejani,<\/span> <\/strong>Strada Scolii<\/td>\n<td width=\"15%\">09:00 &#8211; 16:30<\/td>\n<\/tr>\n<tr>\n<td><strong><span style=\"color: #ff0000;\">Valea Dragului,<\/span><\/strong> Zugravului Lautarilor Sabarului Toporasilor Lunca Argesului Dreptatii Rozelor \u00cenfundata Stadionului Bufetului<\/td>\n<td width=\"15%\">09:00 &#8211; 17:00<\/td>\n<\/tr>\n<tr>\n<td><span style=\"color: #ff0000;\"><strong>Mihailesti,<\/strong> <\/span>Str Unirii ,Str Prelungirea Unirii , Str Frasinului<\/td>\n<td width=\"15%\">10:00 &#8211; 12:00<\/td>\n<\/tr>\n<\/tbody>\n<\/table>\n<\/td>\n<\/tr>\n<\/tbody>\n<\/table>\n","protected":false},"excerpt":{"rendered":"<p>E-Distribu\u0163ie Muntenia<\/p>\n","protected":false},"author":2,"featured_media":0,"comment_status":"open","ping_status":"open","sticky":false,"template":"","format":"standard","meta":{"footnotes":""},"categories":[6],"tags":[],"class_list":["post-97302","post","type-post","status-publish","format-standard","hentry","category-breaking-news"],"_links":{"self":[{"href":"https:\/\/www.giurgiuveanul.ro\/stiri\/wp-json\/wp\/v2\/posts\/97302","targetHints":{"allow":["GET"]}}],"collection":[{"href":"https:\/\/www.giurgiuveanul.ro\/stiri\/wp-json\/wp\/v2\/posts"}],"about":[{"href":"https:\/\/www.giurgiuveanul.ro\/stiri\/wp-json\/wp\/v2\/types\/post"}],"author":[{"embeddable":true,"href":"https:\/\/www.giurgiuveanul.ro\/stiri\/wp-json\/wp\/v2\/users\/2"}],"replies":[{"embeddable":true,"href":"https:\/\/www.giurgiuveanul.ro\/stiri\/wp-json\/wp\/v2\/comments?post=97302"}],"version-history":[{"count":0,"href":"https:\/\/www.giurgiuveanul.ro\/stiri\/wp-json\/wp\/v2\/posts\/97302\/revisions"}],"wp:attachment":[{"href":"https:\/\/www.giurgiuveanul.ro\/stiri\/wp-json\/wp\/v2\/media?parent=97302"}],"wp:term":[{"taxonomy":"category","embeddable":true,"href":"https:\/\/www.giurgiuveanul.ro\/stiri\/wp-json\/wp\/v2\/categories?post=97302"},{"taxonomy":"post_tag","embeddable":true,"href":"https:\/\/www.giurgiuveanul.ro\/stiri\/wp-json\/wp\/v2\/tags?post=97302"}],"curies":[{"name":"wp","href":"https:\/\/api.w.org\/{rel}","templated":true}]}}