{"id":97306,"date":"2023-04-20T09:30:01","date_gmt":"2023-04-20T06:30:01","guid":{"rendered":"https:\/\/www.giurgiuveanul.ro\/stiri\/?p=97306"},"modified":"2023-04-20T09:34:30","modified_gmt":"2023-04-20T06:34:30","slug":"infractiuni-constatate-in-trafic-de-politistii-giurgiuveni","status":"publish","type":"post","link":"https:\/\/www.giurgiuveanul.ro\/stiri\/infractiuni-constatate-in-trafic-de-politistii-giurgiuveni\/","title":{"rendered":"Infrac\u021biuni constatate \u00een trafic de poli\u021bi\u0219tii giurgiuveni"},"content":{"rendered":"<p><a href=\"https:\/\/www.giurgiuveanul.ro\/stiri\/wp-content\/uploads\/2023\/03\/thumbnail.jpeg\"><img loading=\"lazy\" decoding=\"async\" class=\"aligncenter wp-image-96246\" src=\"https:\/\/www.giurgiuveanul.ro\/stiri\/wp-content\/uploads\/2023\/03\/thumbnail-493x450.jpeg\" alt=\"\" width=\"567\" height=\"518\" srcset=\"https:\/\/www.giurgiuveanul.ro\/stiri\/wp-content\/uploads\/2023\/03\/thumbnail-493x450.jpeg 493w, https:\/\/www.giurgiuveanul.ro\/stiri\/wp-content\/uploads\/2023\/03\/thumbnail-250x228.jpeg 250w, https:\/\/www.giurgiuveanul.ro\/stiri\/wp-content\/uploads\/2023\/03\/thumbnail-768x701.jpeg 768w, https:\/\/www.giurgiuveanul.ro\/stiri\/wp-content\/uploads\/2023\/03\/thumbnail-400x365.jpeg 400w, https:\/\/www.giurgiuveanul.ro\/stiri\/wp-content\/uploads\/2023\/03\/thumbnail.jpeg 1077w\" sizes=\"auto, (max-width: 567px) 100vw, 567px\" \/><\/a><\/p>\n<p style=\"text-align: justify;\"><strong>Comunicat. Poli\u021bi\u0219tii giurgiuveni au<!--more--> desf\u0103\u0219urat ac\u021biuni, pe raza de competen\u021b\u0103, cu scopul reducerii riscului rutier \u0219i men\u021binerea climatului de ordine \u0219i siguran\u021b\u0103 public\u0103. Aceste ac\u021biuni au caracter permanent \u0219i se desf\u0103\u0219oar\u0103 at\u00e2t \u00een municipiul c\u00e2t \u0219i jude\u021bul Giurgiu.<\/strong><\/p>\n<p style=\"text-align: justify;\">Poli\u021bi\u0219tii din cadrul Sec\u021biei nr. 3 Poli\u021bie Rural\u0103 Bolintin-Vale au depistat, la data de 19 aprilie a.c., ora 12.35, pe strada Preot Emilian Voiculescu, din localitatea Flore\u0219ti, jude\u021bul Giurgiu, un t\u00e2n\u0103r, de 20 de ani, din aceea\u0219i localitate, \u00een timp ce conducea un autoturism, av\u00e2nd dreptul de a conduce suspendat.<\/p>\n<p style=\"text-align: justify;\">\u00cen cauz\u0103, a fost \u00eentocmit dosar penal sub aspectul s\u0103v\u00e2r\u0219irii infractiunii de conducerea pe drumurile publice a unui autovehicul, av\u00e2nd dreptul de a conduce suspendat.<\/p>\n<p style=\"text-align: justify;\">\n<p style=\"text-align: justify;\"><span style=\"color: #ff0000;\"><strong>CERCETAT PENTRU S\u0102V\u00c2R\u0218IREA A DOU\u0102 INFRAC\u021aIUNI RUTIERE<\/strong><\/span><\/p>\n<p style=\"text-align: justify;\">\n<p style=\"text-align: justify;\">Poli\u021bi\u0219tii din cadrul Biroului Rutier au depistat, la data de 19 aprilie, ora 23.15, pe strada Ialomicioarei, din municipiul Giurgiu, un b\u0103rbat, de 37 de ani, din aceea\u0219i localitate, \u00een timp ce conducea un autoturism, f\u0103r\u0103 a poseda permis de conducere.<\/p>\n<p style=\"text-align: justify;\">Conduc\u0103torul auto a refuzat at\u00e2t testarea cu aparatul etilotest, c\u00e2t \u0219i recoltarea de mostre biologice de s\u00e2nge, \u00een vederea stabilirii alcoolemiei.<\/p>\n<p style=\"text-align: justify;\">\u00cen cauz\u0103, a fost \u00eentocmit dosar penal sub aspectul s\u0103v\u00e2r\u0219irii infrac\u021biunilor de conducerea unui vehicul f\u0103r\u0103 a poseda permis de conducere \u0219i refuzul sau sustragerea de la prelevarea de mostre biologice.<\/p>\n<p style=\"text-align: justify;\">\n<p style=\"text-align: justify;\"><span style=\"color: #ff0000;\"><strong>LA VOLAN, SUB INFLUEN\u021aA ALCOOLULUI<\/strong><\/span><\/p>\n<p style=\"text-align: justify;\">\n<p style=\"text-align: justify;\">Poli\u021bi\u0219tii din cadrul Biroului Rutier, \u00een timp ce se aflau \u00een exercitarea atribu\u021biunilor de serviciu, au depistat, la data de 19 aprilie a.c., ora 13.10, pe D.N.5-C, \u00een localitatea Slobozia, jude\u021bul Giurgiu, un b\u0103rbat, de 58 de ani, din aceea\u0219i localitate, \u00een timp ce conducea un autoturism, afl\u00e2ndu-se sub influen\u021ba b\u0103uturilor alcoolice.<\/p>\n<p style=\"text-align: justify;\">Acesta a fost testat cu aparatul etilotest, care a indicat valoarea de 0,88 mg\/l alcool pur \u00een aerul expirat, fiind condus ulterior la spital, pentru recoltarea probelor biologice de s\u00e2nge.<\/p>\n<p style=\"text-align: justify;\">\u00cen cauz\u0103, a fost \u00eentocmit dosar penal sub aspectul s\u0103v\u00e2r\u0219irii infrac\u021biunii de conducerea unui vehicul sub influen\u021ba b\u0103uturilor alcoolice.<\/p>\n","protected":false},"excerpt":{"rendered":"<p>Comunicat. Poli\u021bi\u0219tii giurgiuveni au<\/p>\n","protected":false},"author":2,"featured_media":0,"comment_status":"open","ping_status":"open","sticky":false,"template":"","format":"standard","meta":{"footnotes":""},"categories":[6],"tags":[],"class_list":["post-97306","post","type-post","status-publish","format-standard","hentry","category-breaking-news"],"_links":{"self":[{"href":"https:\/\/www.giurgiuveanul.ro\/stiri\/wp-json\/wp\/v2\/posts\/97306","targetHints":{"allow":["GET"]}}],"collection":[{"href":"https:\/\/www.giurgiuveanul.ro\/stiri\/wp-json\/wp\/v2\/posts"}],"about":[{"href":"https:\/\/www.giurgiuveanul.ro\/stiri\/wp-json\/wp\/v2\/types\/post"}],"author":[{"embeddable":true,"href":"https:\/\/www.giurgiuveanul.ro\/stiri\/wp-json\/wp\/v2\/users\/2"}],"replies":[{"embeddable":true,"href":"https:\/\/www.giurgiuveanul.ro\/stiri\/wp-json\/wp\/v2\/comments?post=97306"}],"version-history":[{"count":0,"href":"https:\/\/www.giurgiuveanul.ro\/stiri\/wp-json\/wp\/v2\/posts\/97306\/revisions"}],"wp:attachment":[{"href":"https:\/\/www.giurgiuveanul.ro\/stiri\/wp-json\/wp\/v2\/media?parent=97306"}],"wp:term":[{"taxonomy":"category","embeddable":true,"href":"https:\/\/www.giurgiuveanul.ro\/stiri\/wp-json\/wp\/v2\/categories?post=97306"},{"taxonomy":"post_tag","embeddable":true,"href":"https:\/\/www.giurgiuveanul.ro\/stiri\/wp-json\/wp\/v2\/tags?post=97306"}],"curies":[{"name":"wp","href":"https:\/\/api.w.org\/{rel}","templated":true}]}}