{"id":97310,"date":"2023-04-20T09:57:58","date_gmt":"2023-04-20T06:57:58","guid":{"rendered":"https:\/\/www.giurgiuveanul.ro\/stiri\/?p=97310"},"modified":"2023-04-20T10:05:48","modified_gmt":"2023-04-20T07:05:48","slug":"primaria-patru-zile-de-distractie-la-giurgiu-cu-ocazia-zilei-municipiului-giurgiu","status":"publish","type":"post","link":"https:\/\/www.giurgiuveanul.ro\/stiri\/primaria-patru-zile-de-distractie-la-giurgiu-cu-ocazia-zilei-municipiului-giurgiu\/","title":{"rendered":"Prim\u0103ria. Patru zile de distrac\u021bie la Giurgiu cu ocazia Zilei Municipiului"},"content":{"rendered":"<p style=\"text-align: justify;\"><a href=\"https:\/\/www.giurgiuveanul.ro\/stiri\/wp-content\/uploads\/2023\/04\/235771178_1706113519588673_1616607926572917413_n.jpg\"><img loading=\"lazy\" decoding=\"async\" class=\"aligncenter wp-image-97311\" src=\"https:\/\/www.giurgiuveanul.ro\/stiri\/wp-content\/uploads\/2023\/04\/235771178_1706113519588673_1616607926572917413_n-465x450.jpg\" alt=\"\" width=\"572\" height=\"554\" srcset=\"https:\/\/www.giurgiuveanul.ro\/stiri\/wp-content\/uploads\/2023\/04\/235771178_1706113519588673_1616607926572917413_n-465x450.jpg 465w, https:\/\/www.giurgiuveanul.ro\/stiri\/wp-content\/uploads\/2023\/04\/235771178_1706113519588673_1616607926572917413_n-250x242.jpg 250w, https:\/\/www.giurgiuveanul.ro\/stiri\/wp-content\/uploads\/2023\/04\/235771178_1706113519588673_1616607926572917413_n-768x743.jpg 768w, https:\/\/www.giurgiuveanul.ro\/stiri\/wp-content\/uploads\/2023\/04\/235771178_1706113519588673_1616607926572917413_n-1536x1486.jpg 1536w, https:\/\/www.giurgiuveanul.ro\/stiri\/wp-content\/uploads\/2023\/04\/235771178_1706113519588673_1616607926572917413_n-400x387.jpg 400w, https:\/\/www.giurgiuveanul.ro\/stiri\/wp-content\/uploads\/2023\/04\/235771178_1706113519588673_1616607926572917413_n.jpg 2048w\" sizes=\"auto, (max-width: 572px) 100vw, 572px\" \/><\/a>\u00cencep\u00e2nd de ast\u0103zi, 20 aprilie, p\u00e2n\u0103 pe<!--more--> 23 aprilie, atunci c\u00e2nd \u00eel s\u0103rb\u0103torim pe Sf\u00e2ntul Mare Mucenic Gheorghe, Patronul Spiritual al ora\u0219ului, \u00een zona adiacent\u0103 hotelului \u201eSteaua Dun\u0103rii\u201d, giurgiuvenii sunt a\u0219tepta\u021bi la spectacole \u00een aer liber, organizatorii amenaj\u00e2nd \u0219i un parc de distrac\u021bii, dar \u0219i un t\u00e2rg.<\/p>\n<p style=\"text-align: justify;\">Astfel, \u00eencep\u00e2nd de ast\u0103zi, 20 aprilie, seria spectacolelor va debuta de la ora 19:00, iar p\u00e2n\u0103 la ora 23:00, vor urca pe scen\u0103 pentru a \u00eenc\u00e2nta publicul Dj Deny, Eduard Stoica, Jessica L\u0103z\u0103rescu \u0219i Debu.<\/p>\n<p style=\"text-align: justify;\">Tot ast\u0103zi, la Ateneul &#8222;Nicolae B\u0103l\u0103nescu&#8221;, \u00eencep\u00e2nd cu ora 11:00, primarul municipiului Giurgiu, Adrian Anghelescu va premia 18 cupluri care au \u00eemplinit 50 de ani de c\u0103s\u0103torie, iar la ora 13:00, la \u0218coala de Muzic\u0103 \u0219i Arte Plastice &#8222;Victor Karpis&#8221; va avea loc festivitatea de premiere a elevilor care au c\u00e2\u0219tigat premii \u00een cadrul concursului &#8222;Cum v\u0103d eu ora\u0219ul meu&#8221;.<\/p>\n","protected":false},"excerpt":{"rendered":"<p>\u00cencep\u00e2nd de ast\u0103zi, 20 aprilie, p\u00e2n\u0103 pe<\/p>\n","protected":false},"author":2,"featured_media":0,"comment_status":"open","ping_status":"open","sticky":false,"template":"","format":"standard","meta":{"footnotes":""},"categories":[6],"tags":[],"class_list":["post-97310","post","type-post","status-publish","format-standard","hentry","category-breaking-news"],"_links":{"self":[{"href":"https:\/\/www.giurgiuveanul.ro\/stiri\/wp-json\/wp\/v2\/posts\/97310","targetHints":{"allow":["GET"]}}],"collection":[{"href":"https:\/\/www.giurgiuveanul.ro\/stiri\/wp-json\/wp\/v2\/posts"}],"about":[{"href":"https:\/\/www.giurgiuveanul.ro\/stiri\/wp-json\/wp\/v2\/types\/post"}],"author":[{"embeddable":true,"href":"https:\/\/www.giurgiuveanul.ro\/stiri\/wp-json\/wp\/v2\/users\/2"}],"replies":[{"embeddable":true,"href":"https:\/\/www.giurgiuveanul.ro\/stiri\/wp-json\/wp\/v2\/comments?post=97310"}],"version-history":[{"count":0,"href":"https:\/\/www.giurgiuveanul.ro\/stiri\/wp-json\/wp\/v2\/posts\/97310\/revisions"}],"wp:attachment":[{"href":"https:\/\/www.giurgiuveanul.ro\/stiri\/wp-json\/wp\/v2\/media?parent=97310"}],"wp:term":[{"taxonomy":"category","embeddable":true,"href":"https:\/\/www.giurgiuveanul.ro\/stiri\/wp-json\/wp\/v2\/categories?post=97310"},{"taxonomy":"post_tag","embeddable":true,"href":"https:\/\/www.giurgiuveanul.ro\/stiri\/wp-json\/wp\/v2\/tags?post=97310"}],"curies":[{"name":"wp","href":"https:\/\/api.w.org\/{rel}","templated":true}]}}