{"id":97322,"date":"2023-04-20T16:24:12","date_gmt":"2023-04-20T13:24:12","guid":{"rendered":"https:\/\/www.giurgiuveanul.ro\/stiri\/?p=97322"},"modified":"2023-04-20T16:24:48","modified_gmt":"2023-04-20T13:24:48","slug":"isu-giurgiu-admitere-la-scoala-de-subofiteri-de-pompieri-si-protectie-civila","status":"publish","type":"post","link":"https:\/\/www.giurgiuveanul.ro\/stiri\/isu-giurgiu-admitere-la-scoala-de-subofiteri-de-pompieri-si-protectie-civila\/","title":{"rendered":"ISU Giurgiu. Admitere la \u0218coala de Subofi\u021beri de Pompieri \u0219i Protec\u021bie Civil\u0103"},"content":{"rendered":"<p style=\"text-align: justify;\"><a href=\"https:\/\/www.giurgiuveanul.ro\/stiri\/wp-content\/uploads\/2023\/04\/thumbnail-18.jpeg\"><img loading=\"lazy\" decoding=\"async\" class=\"aligncenter wp-image-97323\" src=\"https:\/\/www.giurgiuveanul.ro\/stiri\/wp-content\/uploads\/2023\/04\/thumbnail-18-537x450.jpeg\" alt=\"\" width=\"578\" height=\"485\" srcset=\"https:\/\/www.giurgiuveanul.ro\/stiri\/wp-content\/uploads\/2023\/04\/thumbnail-18-537x450.jpeg 537w, https:\/\/www.giurgiuveanul.ro\/stiri\/wp-content\/uploads\/2023\/04\/thumbnail-18-250x210.jpeg 250w, https:\/\/www.giurgiuveanul.ro\/stiri\/wp-content\/uploads\/2023\/04\/thumbnail-18-768x644.jpeg 768w, https:\/\/www.giurgiuveanul.ro\/stiri\/wp-content\/uploads\/2023\/04\/thumbnail-18-400x335.jpeg 400w, https:\/\/www.giurgiuveanul.ro\/stiri\/wp-content\/uploads\/2023\/04\/thumbnail-18.jpeg 940w\" sizes=\"auto, (max-width: 578px) 100vw, 578px\" \/><\/a>300 de locuri sunt puse la dispozi\u021bia tinerilor care \u00ee\u0219i doresc s\u0103<!--more--> urmeze cursurile \u0218colii de Subofi\u021beri de Pompieri \u0219i Protec\u021bie Civil\u0103 \u201ePavel Z\u0103g\u0103nescu\u201d din Bolde\u0219ti. \u00cen sesiunea aprilie &#8211; iunie 2023 au fost scoase la concurs <em><strong>275 de locuri de subofi\u021ber de pompieri \u0219i protec\u021bie civil\u0103 \u0219i 25 de locuri de maistru militar auto<\/strong><\/em>.<\/p>\n<p>Calendarul concursului de admitere este urm\u0103torul:<\/p>\n<table>\n<tbody>\n<tr>\n<td width=\"171\"><strong>Data\/ Perioada<\/strong><\/td>\n<td width=\"206\"><strong>Etap\u0103\/ prob\u0103<\/strong><\/td>\n<td width=\"265\"><strong>Modalitatea \/ Locul desf\u0103\u0219ur\u0103rii<\/strong><\/td>\n<\/tr>\n<tr>\n<td width=\"171\">\n<h5><\/h5>\n<h5>20 aprilie &#8211; 05 mai 2023 <em>(inclusiv \u00een zilele de s\u00e2mb\u0103t\u0103 \u0219i duminic\u0103)<\/em><\/h5>\n<\/td>\n<td width=\"206\">\n<h5>\u00a0 Depunerea cererilor de \u00eenscriere <em>(completate de c\u0103tre candida\u021bi \u00een mod lizibil \u0219i semnate)<\/em><\/h5>\n<\/td>\n<td width=\"265\">\n<h5><\/h5>\n<h5>Exclusiv \u00een format electronic la adresa de e-mail resurseumane@isugiurgiu.ro<\/h5>\n<\/td>\n<\/tr>\n<tr>\n<td width=\"171\">\n<h5><\/h5>\n<h5>P\u00e2n\u0103 la data de<br \/>\n15 mai 2023<\/h5>\n<\/td>\n<td width=\"206\">\n<h5><\/h5>\n<h5>Evaluarea psihologic\u0103<\/h5>\n<\/td>\n<td width=\"265\">\n<h5>\u00a0 Conform planific\u0103rii \u00eentocmite de Centrul de Psihosociologie al MAI \u00eempreun\u0103 cu unit\u0103\u021bile de recrutare<\/h5>\n<\/td>\n<\/tr>\n<tr>\n<td width=\"171\">\n<h5>\u00a0 P\u00e2n\u0103 la data de<br \/>\n15 mai 2023<\/h5>\n<\/td>\n<td width=\"206\">\n<h5>\u00a0 Depunerea documentelor pentru dosarul de recrutare<\/h5>\n<\/td>\n<td width=\"265\">Sediul ISU Giurgiu din strada Dorobanti nr. 19, mun. Giurgiu<\/td>\n<\/tr>\n<tr>\n<td width=\"171\">\n<h5><\/h5>\n<h5>19 &#8211; 24 mai 2023<\/h5>\n<\/td>\n<td width=\"206\">\n<h5>\u00a0 Sus\u021binerea probei de evaluare a performan\u021bei fizice<\/h5>\n<\/td>\n<td width=\"265\">\n<h5>\u00a0 \u0218coala de Subofi\u021beri de Pompieri \u0219i Protec\u021bie Civil\u0103 \u201ePavel Z\u0103g\u0103nescu\u201d, conform planific\u0103rii<\/h5>\n<\/td>\n<\/tr>\n<tr>\n<td width=\"171\">\n<h5><\/h5>\n<h5>27 mai 2023<\/h5>\n<\/td>\n<td width=\"206\">\n<h5>\u00a0 Sus\u021binerea probei de evaluare a cuno\u0219tin\u021belor<\/h5>\n<\/td>\n<td width=\"265\">\n<h5>\u00a0 \u0218coala de Subofi\u021beri de Pompieri \u0219i Protec\u021bie Civil\u0103 \u201ePavel Z\u0103g\u0103nescu\u201d<\/h5>\n<\/td>\n<\/tr>\n<tr>\n<td width=\"171\">\n<h5>\u00a0 \u00cen termen de 24 ore de la afi\u0219area Listei provizorii cu rezultatele ob\u021binute la probele de concurs<\/h5>\n<\/td>\n<td width=\"206\">\n<h5><\/h5>\n<h5><\/h5>\n<h5>Depunerea contesta\u021biilor<\/h5>\n<\/td>\n<td width=\"265\">\n<h5><\/h5>\n<h5>Exclusiv la adresa de e-mail a \u0218colii de Subofi\u021beri de Pompieri \u0219i Protec\u021bie Civil\u0103 \u201ePavel Z\u0103g\u0103nescu\u201d (office@scoaladepompieri.ro)<\/h5>\n<\/td>\n<\/tr>\n<tr>\n<td width=\"171\">\n<h5><\/h5>\n<h5><\/h5>\n<p>&nbsp;<\/p>\n<h5>31 mai &#8211; 29 iunie 2023<\/h5>\n<p>&nbsp;<\/td>\n<td width=\"206\">\n<h5>\u00a0 Examinarea medical\u0103<br \/>\npentru candida\u021bii care se \u00eencadreaz\u0103 \u00een num\u0103rul total de locuri scoase la concurs, \u00een ordinea descresc\u0103toare a notelor finale<\/h5>\n<p>&nbsp;<\/td>\n<td width=\"265\">\n<h5><\/h5>\n<h5><\/h5>\n<h5>Conform planific\u0103rii \u00eentocmite de c\u0103tre compartimentele cu atribu\u021bii de recrutare<\/h5>\n<p>&nbsp;<\/td>\n<\/tr>\n<\/tbody>\n<\/table>\n<p>&nbsp;<\/p>\n<p>&nbsp;<\/p>\n<table>\n<tbody>\n<tr>\n<td width=\"162\">\n<h5><strong>Data\/ Perioada<\/strong><\/h5>\n<\/td>\n<td width=\"187\">\n<h5><strong>Etap\u0103\/ prob\u0103<\/strong><\/h5>\n<\/td>\n<td width=\"294\">\n<h5><strong>Modalitatea \/ Locul desf\u0103\u0219ur\u0103rii<\/strong><\/h5>\n<\/td>\n<\/tr>\n<tr>\n<td width=\"162\">\n<h5><\/h5>\n<h5>\u00a0 P\u00e2n\u0103 la data de<br \/>\n30 iunie 2023<\/h5>\n<\/td>\n<td width=\"187\">\n<h5><\/h5>\n<h5>\u00a0Afi\u0219area rezultatelor finale<\/h5>\n<\/td>\n<td width=\"294\">\n<h5>\u00a0Site-ul oficial al \u0218colii de Subofi\u021beri de Pompieri \u0219i Protec\u021bie Civil\u0103 \u201ePavel Z\u0103g\u0103nescu\u201d<\/h5>\n<\/td>\n<\/tr>\n<\/tbody>\n<\/table>\n<p>&nbsp;<\/p>\n<p>Durata de \u0219colarizare va fi de un an, at\u00e2t pentru specializarea \u201emaistru militar auto\u201d, c\u00e2t \u0219i pentru cea de \u201esubofi\u021ber de pompieri \u0219i protec\u021bie civil\u0103\u201d<em>.<\/em><\/p>\n<p>Condi\u021biile legale \u0219i criteriile specifice de recrutare, calendarul concursului de admitere, precum \u0219i alte informa\u021bii de interes pot fi consultate acces\u00e2nd pagina <a href=\"http:\/\/www.isugiurgiu.ro\">www.isugiurgiu.ro<\/a>, sec\u021biunea \u201ccarier\u0103\u201d.<\/p>\n<p>***<\/p>\n<p><em>\u015ecoala de Subofi\u021beri de Pompieri \u0219i Protec\u021bie Civil\u0103 \u201ePavel Z\u0103g\u0103nescu\u201d Bolde\u0219ti, \u00eenfiin\u021bat\u0103 \u00een anul 1986, este institu\u0163ia de \u00eenv\u0103\u0163\u0103m\u00e2nt postliceal din cadrul Ministerului Afacerilor Interne destinat\u0103 form\u0103rii ini\u0163iale a subofi\u0163erilor de pompieri \u0219i protec\u021bie civil\u0103 \u0219i a mai\u0219trilor militari auto.<\/em><\/p>\n<p><em>\u00cen cele peste trei decenii de activitate, mii de absolven\u021bi au completat echipajele operative ale subunit\u0103\u021bilor din \u00eentreaga \u021bar\u0103.<\/em><\/p>\n<p><em>Mai multe informa\u021bii aici: <\/em><a href=\"http:\/\/www.scoaladepompieri.ro\">www.scoaladepompieri.ro<\/a><\/p>\n","protected":false},"excerpt":{"rendered":"<p>300 de locuri sunt puse la dispozi\u021bia tinerilor care \u00ee\u0219i doresc s\u0103<\/p>\n","protected":false},"author":2,"featured_media":0,"comment_status":"open","ping_status":"open","sticky":false,"template":"","format":"standard","meta":{"footnotes":""},"categories":[6],"tags":[],"class_list":["post-97322","post","type-post","status-publish","format-standard","hentry","category-breaking-news"],"_links":{"self":[{"href":"https:\/\/www.giurgiuveanul.ro\/stiri\/wp-json\/wp\/v2\/posts\/97322","targetHints":{"allow":["GET"]}}],"collection":[{"href":"https:\/\/www.giurgiuveanul.ro\/stiri\/wp-json\/wp\/v2\/posts"}],"about":[{"href":"https:\/\/www.giurgiuveanul.ro\/stiri\/wp-json\/wp\/v2\/types\/post"}],"author":[{"embeddable":true,"href":"https:\/\/www.giurgiuveanul.ro\/stiri\/wp-json\/wp\/v2\/users\/2"}],"replies":[{"embeddable":true,"href":"https:\/\/www.giurgiuveanul.ro\/stiri\/wp-json\/wp\/v2\/comments?post=97322"}],"version-history":[{"count":0,"href":"https:\/\/www.giurgiuveanul.ro\/stiri\/wp-json\/wp\/v2\/posts\/97322\/revisions"}],"wp:attachment":[{"href":"https:\/\/www.giurgiuveanul.ro\/stiri\/wp-json\/wp\/v2\/media?parent=97322"}],"wp:term":[{"taxonomy":"category","embeddable":true,"href":"https:\/\/www.giurgiuveanul.ro\/stiri\/wp-json\/wp\/v2\/categories?post=97322"},{"taxonomy":"post_tag","embeddable":true,"href":"https:\/\/www.giurgiuveanul.ro\/stiri\/wp-json\/wp\/v2\/tags?post=97322"}],"curies":[{"name":"wp","href":"https:\/\/api.w.org\/{rel}","templated":true}]}}