{"id":97332,"date":"2023-04-21T11:14:31","date_gmt":"2023-04-21T08:14:31","guid":{"rendered":"https:\/\/www.giurgiuveanul.ro\/stiri\/?p=97332"},"modified":"2023-04-21T11:15:14","modified_gmt":"2023-04-21T08:15:14","slug":"giurgiuvean-depistat-la-volan-fara-permis-de-conducere-2","status":"publish","type":"post","link":"https:\/\/www.giurgiuveanul.ro\/stiri\/giurgiuvean-depistat-la-volan-fara-permis-de-conducere-2\/","title":{"rendered":"Giurgiuvean depistat la volan, f\u0103r\u0103 permis de conducere"},"content":{"rendered":"<p style=\"text-align: justify;\"><a href=\"https:\/\/www.giurgiuveanul.ro\/stiri\/wp-content\/uploads\/2023\/03\/etilotest.jpeg\"><img loading=\"lazy\" decoding=\"async\" class=\"aligncenter wp-image-96489\" src=\"https:\/\/www.giurgiuveanul.ro\/stiri\/wp-content\/uploads\/2023\/03\/etilotest-464x450.jpeg\" alt=\"\" width=\"572\" height=\"555\" srcset=\"https:\/\/www.giurgiuveanul.ro\/stiri\/wp-content\/uploads\/2023\/03\/etilotest-464x450.jpeg 464w, https:\/\/www.giurgiuveanul.ro\/stiri\/wp-content\/uploads\/2023\/03\/etilotest-250x243.jpeg 250w, https:\/\/www.giurgiuveanul.ro\/stiri\/wp-content\/uploads\/2023\/03\/etilotest-768x745.jpeg 768w, https:\/\/www.giurgiuveanul.ro\/stiri\/wp-content\/uploads\/2023\/03\/etilotest-400x388.jpeg 400w, https:\/\/www.giurgiuveanul.ro\/stiri\/wp-content\/uploads\/2023\/03\/etilotest.jpeg 1076w\" sizes=\"auto, (max-width: 572px) 100vw, 572px\" \/><\/a>Poli\u021bi\u0219tii din cadrul<!--more--> Sec\u021biei nr. 2 Poli\u021bie Rural\u0103 Comana au depistat, la data de 20 aprilie a.c., la ora 07.25, pe D.J. 412, \u00een localitatea Coliba\u0219i, un b\u0103rbat, de 42 de ani, din aceea\u0219i localitate, \u00een timp ce conducea un autoturism, f\u0103r\u0103 a poseda permis de conducere pentru nicio categorie de vehicule.<\/p>\n<p style=\"text-align: justify;\">\u00cen cauz\u0103, a fost \u00eentocmit dosar penal sub aspectul s\u0103v\u00e2r\u0219irii infractiunii de conducerea pe drumurile publice a unui vehicul f\u0103r\u0103 a poseda permis de conducere.<\/p>\n","protected":false},"excerpt":{"rendered":"<p>Poli\u021bi\u0219tii din cadrul<\/p>\n","protected":false},"author":2,"featured_media":0,"comment_status":"open","ping_status":"open","sticky":false,"template":"","format":"standard","meta":{"footnotes":""},"categories":[6],"tags":[],"class_list":["post-97332","post","type-post","status-publish","format-standard","hentry","category-breaking-news"],"_links":{"self":[{"href":"https:\/\/www.giurgiuveanul.ro\/stiri\/wp-json\/wp\/v2\/posts\/97332","targetHints":{"allow":["GET"]}}],"collection":[{"href":"https:\/\/www.giurgiuveanul.ro\/stiri\/wp-json\/wp\/v2\/posts"}],"about":[{"href":"https:\/\/www.giurgiuveanul.ro\/stiri\/wp-json\/wp\/v2\/types\/post"}],"author":[{"embeddable":true,"href":"https:\/\/www.giurgiuveanul.ro\/stiri\/wp-json\/wp\/v2\/users\/2"}],"replies":[{"embeddable":true,"href":"https:\/\/www.giurgiuveanul.ro\/stiri\/wp-json\/wp\/v2\/comments?post=97332"}],"version-history":[{"count":0,"href":"https:\/\/www.giurgiuveanul.ro\/stiri\/wp-json\/wp\/v2\/posts\/97332\/revisions"}],"wp:attachment":[{"href":"https:\/\/www.giurgiuveanul.ro\/stiri\/wp-json\/wp\/v2\/media?parent=97332"}],"wp:term":[{"taxonomy":"category","embeddable":true,"href":"https:\/\/www.giurgiuveanul.ro\/stiri\/wp-json\/wp\/v2\/categories?post=97332"},{"taxonomy":"post_tag","embeddable":true,"href":"https:\/\/www.giurgiuveanul.ro\/stiri\/wp-json\/wp\/v2\/tags?post=97332"}],"curies":[{"name":"wp","href":"https:\/\/api.w.org\/{rel}","templated":true}]}}