{"id":97339,"date":"2023-04-21T12:13:06","date_gmt":"2023-04-21T09:13:06","guid":{"rendered":"https:\/\/www.giurgiuveanul.ro\/stiri\/?p=97339"},"modified":"2023-04-21T12:19:10","modified_gmt":"2023-04-21T09:19:10","slug":"accident-rutier-soldat-cu-doua-victime-in-aceasta-dimineata-isu-giurgiu-va-recomanda-sa-conduceti-prudent-pentru-a-preveni-evenimentele-rutiere","status":"publish","type":"post","link":"https:\/\/www.giurgiuveanul.ro\/stiri\/accident-rutier-soldat-cu-doua-victime-in-aceasta-dimineata-isu-giurgiu-va-recomanda-sa-conduceti-prudent-pentru-a-preveni-evenimentele-rutiere\/","title":{"rendered":"ACCIDENT RUTIER soldat cu dou\u0103 victime, \u00een aceast\u0103 diminea\u0163\u0103. ISU Giurgiu v\u0103 recomand\u0103 s\u0103 conduce\u021bi prudent pentru a preveni evenimentele rutiere"},"content":{"rendered":"<p style=\"text-align: justify;\"><strong><a href=\"https:\/\/www.giurgiuveanul.ro\/stiri\/wp-content\/uploads\/2023\/04\/thumbnail-19.jpeg\"><img loading=\"lazy\" decoding=\"async\" class=\"aligncenter wp-image-97340\" src=\"https:\/\/www.giurgiuveanul.ro\/stiri\/wp-content\/uploads\/2023\/04\/thumbnail-19-515x450.jpeg\" alt=\"\" width=\"579\" height=\"506\" srcset=\"https:\/\/www.giurgiuveanul.ro\/stiri\/wp-content\/uploads\/2023\/04\/thumbnail-19-515x450.jpeg 515w, https:\/\/www.giurgiuveanul.ro\/stiri\/wp-content\/uploads\/2023\/04\/thumbnail-19-250x218.jpeg 250w, https:\/\/www.giurgiuveanul.ro\/stiri\/wp-content\/uploads\/2023\/04\/thumbnail-19-768x671.jpeg 768w, https:\/\/www.giurgiuveanul.ro\/stiri\/wp-content\/uploads\/2023\/04\/thumbnail-19-400x349.jpeg 400w, https:\/\/www.giurgiuveanul.ro\/stiri\/wp-content\/uploads\/2023\/04\/thumbnail-19.jpeg 1059w\" sizes=\"auto, (max-width: 579px) 100vw, 579px\" \/><\/a>Un accident rutier s-a produs, \u00een aceast\u0103 diminea\u021b\u0103, \u00een<!--more--> ora\u0219ul Bolintin Vale, \u00een urma c\u0103ruia doi b\u0103rba\u021bi au avut nevoie de \u00eengrijiri medicale. \u00cen eveniment au fost implicate dou\u0103 autoturisme, \u00een care se aflau doar \u0219oferii. <\/strong><\/p>\n<p style=\"text-align: justify;\">Unul dintre conduc\u0103torii auto a r\u0103mas \u00eencarcerat, fiind nevoie de folosirea accesoriilor specifice pentru a putea fi scos \u00een siguran\u021b\u0103. B\u0103rbatul, \u00een v\u00e2rst\u0103 de 54 de ani, con\u0219tient \u0219i cooperant, a fost preluat de echipajul SMURD \u0219i transportat la spital. Cel\u0103lalt \u0219ofer, un t\u00e2n\u0103r de 22 ani, a ajuns la spital cu ambulan\u021ba SAJ.<\/p>\n<p style=\"text-align: justify;\">Pompierii au asigurat m\u0103surile de prevenire a incendiilor, iar cazul a r\u0103mas \u00een aten\u021bia Poli\u021biei pentru cercet\u0103ri.<\/p>\n<p style=\"text-align: justify;\">La caz s-au deplasat pompierii din cadrul Deta\u0219amentului Bolintin Deal, cu o autospecial\u0103 de stingere dotat\u0103 cu modul de descarcerare, un echipaj SMURD \u0219i o ambulan\u021b\u0103 SAJ.<\/p>\n<p style=\"text-align: justify;\">Pentru a preveni astfel de evenimente, recomand\u0103m conduc\u0103torilor auto s\u0103 dea dovad\u0103 de pruden\u021b\u0103 la volan, s\u0103 respecte toate regulile de circula\u021bie pentru propria lor siguran\u021b\u0103, dar \u0219i a celorlal\u021bi participan\u021bi la trafic.<\/p>\n<p style=\"text-align: justify;\">\u00cen continuare, pompierii r\u0103m\u00e2n mobiliza\u021bi, 24 de ore din 24, pentru gestionarea operativ\u0103 a situa\u0163iilor de urgen\u0163\u0103 \u015fi acordarea primului ajutor medical specializat persoanelor aflate \u00een dificultate.<\/p>\n<p style=\"text-align: justify;\">Evenimentele \u00eenregistrate la nivel jude\u021bean r\u0103m\u00e2n \u00een aten\u021bia Centrului Opera\u021bional, pentru dispunerea imediat\u0103 a m\u0103surilor menite s\u0103 asigure optimizarea misiunilor de r\u0103spuns orientate spre salvarea de vie\u021bi.<\/p>\n<p style=\"text-align: justify;\">Informa\u021bii referitoare la modul de comportare \u00een cazul producerii unor situa\u021bii de urgen\u021b\u0103 pot fi ob\u021binute prin accesarea platformei na\u021bionale de preg\u0103tire \u00een situa\u021bii de urgen\u021b\u0103 https:\/\/fiipregatit.ro \u0219i aplica\u021bia de mobil DSU care poate fi desc\u0103rcat\u0103 gratuit din App Store \u0219i Google Play.<\/p>\n<p style=\"text-align: justify;\">Compartimentul Informare \u0219i Rela\u021bii Publice<\/p>\n","protected":false},"excerpt":{"rendered":"<p>Un accident rutier s-a produs, \u00een aceast\u0103 diminea\u021b\u0103, \u00een<\/p>\n","protected":false},"author":2,"featured_media":0,"comment_status":"open","ping_status":"open","sticky":false,"template":"","format":"standard","meta":{"footnotes":""},"categories":[6],"tags":[],"class_list":["post-97339","post","type-post","status-publish","format-standard","hentry","category-breaking-news"],"_links":{"self":[{"href":"https:\/\/www.giurgiuveanul.ro\/stiri\/wp-json\/wp\/v2\/posts\/97339","targetHints":{"allow":["GET"]}}],"collection":[{"href":"https:\/\/www.giurgiuveanul.ro\/stiri\/wp-json\/wp\/v2\/posts"}],"about":[{"href":"https:\/\/www.giurgiuveanul.ro\/stiri\/wp-json\/wp\/v2\/types\/post"}],"author":[{"embeddable":true,"href":"https:\/\/www.giurgiuveanul.ro\/stiri\/wp-json\/wp\/v2\/users\/2"}],"replies":[{"embeddable":true,"href":"https:\/\/www.giurgiuveanul.ro\/stiri\/wp-json\/wp\/v2\/comments?post=97339"}],"version-history":[{"count":0,"href":"https:\/\/www.giurgiuveanul.ro\/stiri\/wp-json\/wp\/v2\/posts\/97339\/revisions"}],"wp:attachment":[{"href":"https:\/\/www.giurgiuveanul.ro\/stiri\/wp-json\/wp\/v2\/media?parent=97339"}],"wp:term":[{"taxonomy":"category","embeddable":true,"href":"https:\/\/www.giurgiuveanul.ro\/stiri\/wp-json\/wp\/v2\/categories?post=97339"},{"taxonomy":"post_tag","embeddable":true,"href":"https:\/\/www.giurgiuveanul.ro\/stiri\/wp-json\/wp\/v2\/tags?post=97339"}],"curies":[{"name":"wp","href":"https:\/\/api.w.org\/{rel}","templated":true}]}}